{"id":28813,"date":"2026-01-21T14:29:00","date_gmt":"2026-01-21T17:29:00","guid":{"rendered":"https:\/\/diariorepublica.com.ar\/web\/?p=28813"},"modified":"2026-01-21T16:30:57","modified_gmt":"2026-01-21T19:30:57","slug":"milei-en-davos-el-capitalismo-de-libre-comercio-es-el-unico-sistema-justo","status":"publish","type":"post","link":"https:\/\/diariorepublica.com.ar\/web\/index.php\/politica\/2026\/01\/21\/milei-en-davos-el-capitalismo-de-libre-comercio-es-el-unico-sistema-justo\/","title":{"rendered":"Milei en Davos: \u201cEl capitalismo de libre comercio es el \u00fanico sistema justo\u00bb"},"content":{"rendered":"<p>El presidente\u00a0<strong>Javier Milei<\/strong>\u00a0brind\u00f3 un discurso ante el Foro Econ\u00f3mico de Davos, donde afirm\u00f3 que\u00a0<strong>\u201cel capitalismo de libre comercio es el \u00fanico sistema justo\u00bb.<\/strong><\/p>\n<p><strong>\u201cEl socialismo suena lindo, pero termina mal\u201d<\/strong>, sostuvo el mandatario nacional.<\/p>\n<p>Su discurso tuvo lugar luego del de su par de Estados Unidos,<strong>\u00a0Donald Trump,<\/strong>\u00a0quien volvi\u00f3 a reavivar la pol\u00e9mica por Groenlandia y lanz\u00f3 advertencia a Europa.<\/p>\n<p>En su exposici\u00f3n, Milei se posicion\u00f3 nuevamente contra la agenda \u201c<i>woke<\/i>\u201d, el populismo y los\u00a0<i>\u201cpar\u00e1sitos socialistas<\/i>\u201d, adem\u00e1s de remarcar los logros de su gesti\u00f3n, como tambi\u00e9n lo hizo en las dos ediciones anteriores del Foro.<\/p>\n<p>Por un lado, remarc\u00f3 que la crisis en la que est\u00e1 sumergido occidente es\u00a0<i>\u201cfruto del socialismo<\/i>\u201d y se\u00f1al\u00f3 como ejemplo \u201c<i>los da\u00f1os aberrantes en Venezuela\u201d<\/i>\u00a0con la \u201c<i>narcodictadura sangrienta<\/i>\u201d del l\u00edder secuestrado por Estados Unidos, Nicol\u00e1s Maduro.<\/p>\n<p>Asimismo, sostuvo que es de suma importancia \u201c<i>retomar los valores judeocristianos para salvar occidente<\/i>\u201d y fundamentalmente que \u201c<i>los pol\u00edticos tienen que dejar de molestar a quienes est\u00e1n trabajando para lograr un mundo mejor\u201d,\u00a0<\/i>coloc\u00e1ndose, una vez m\u00e1s, en la figura de outsider que pretende consolidar, desde el comienzo de su gesti\u00f3n, y no ser parte de\u00a0<i>\u201cla vieja pol\u00edtica\u201d.\u00a0<\/i><\/p>\n<p>En cuanto a los aciertos de su gesti\u00f3n, subray\u00f3 el accionar los ministerios de Desregulaci\u00f3n y Transformaci\u00f3n del Estado (al que llam\u00f3 informalmente\u00a0<i>\u201cel Ministerio de los Rendimientos Crecientes<\/i>\u201d), comandado por Federico Sturzenegger y de Capital Humano, que lleva adelante su amiga y funcionaria Sandra Pettovello.<\/p>\n<p title=\"__IP__\" data-ipspy=\"__IP__\">Del primero destac\u00f3 las \u201c<i>13.500 reformas estructurales\u201d<\/i>\u00a0que permitieron el crecimiento de Argentina ya que, para la gesti\u00f3n libertaria,\u00a0<i>\u201cregular mata el rendimiento\u201d\u00a0<\/i>y\u00a0<i>\u201cmerma el crecimiento\u201d;\u00a0<\/i>en cuanto a la cartera que comanda Pettovello, reconoci\u00f3 el trabajo de la ministra sobre\u00a0<i>\u201cense\u00f1arle a pescar\u201d\u00a0<\/i>a los sectores m\u00e1s vulnerables e, incluso, de impulsar a que funden\u00a0<i>\u201csu propia empresa pesquera<\/i>\u201d y no continuar con la\u00a0<i>tradici\u00f3n\u00a0<\/i>de \u201c<i>regalar pescado y no la ca\u00f1a\u00bb<\/i>.<\/p>\n<p>Para finalizar, volvi\u00f3 a pronunciarse en contra de las ideas \u201c<i>populistas y empobrecedoras\u201d<\/i>\u00a0promovidas por el movimiento \u201c<i>woke<\/i>\u201d y \u201c<i>los par\u00e1sitos socialistas\u201d<\/i>\u00a0y valor\u00f3 el trabajo continuo con el fin de \u201c<i>defender la libertad, la propiedad privada y la paz\u201d<\/i>.<\/p>\n<p><i>\u201cMaquiavelo ha muerto y es hora de enterrarlo. Viva la libertad, carajo\u201d<\/i>, concluy\u00f3 el mandatario.<\/p>\n","protected":false},"excerpt":{"rendered":"<p>El presidente\u00a0Javier Milei\u00a0brind\u00f3 un discurso ante el Foro Econ\u00f3mico de Davos, donde afirm\u00f3 que\u00a0\u201cel capitalismo de libre comercio es el<\/p>\n","protected":false},"author":1,"featured_media":28814,"comment_status":"closed","ping_status":"closed","sticky":false,"template":"","format":"standard","meta":{"footnotes":"","jetpack_publicize_message":"","jetpack_publicize_feature_enabled":true,"jetpack_social_post_already_shared":true,"jetpack_social_options":{"image_generator_settings":{"template":"highway","enabled":false},"version":2}},"categories":[12],"tags":[],"class_list":["post-28813","post","type-post","status-publish","format-standard","has-post-thumbnail","hentry","category-politica"],"jetpack_publicize_connections":[],"_links":{"self":[{"href":"https:\/\/diariorepublica.com.ar\/web\/index.php\/wp-json\/wp\/v2\/posts\/28813"}],"collection":[{"href":"https:\/\/diariorepublica.com.ar\/web\/index.php\/wp-json\/wp\/v2\/posts"}],"about":[{"href":"https:\/\/diariorepublica.com.ar\/web\/index.php\/wp-json\/wp\/v2\/types\/post"}],"author":[{"embeddable":true,"href":"https:\/\/diariorepublica.com.ar\/web\/index.php\/wp-json\/wp\/v2\/users\/1"}],"replies":[{"embeddable":true,"href":"https:\/\/diariorepublica.com.ar\/web\/index.php\/wp-json\/wp\/v2\/comments?post=28813"}],"version-history":[{"count":1,"href":"https:\/\/diariorepublica.com.ar\/web\/index.php\/wp-json\/wp\/v2\/posts\/28813\/revisions"}],"predecessor-version":[{"id":28815,"href":"https:\/\/diariorepublica.com.ar\/web\/index.php\/wp-json\/wp\/v2\/posts\/28813\/revisions\/28815"}],"wp:featuredmedia":[{"embeddable":true,"href":"https:\/\/diariorepublica.com.ar\/web\/index.php\/wp-json\/wp\/v2\/media\/28814"}],"wp:attachment":[{"href":"https:\/\/diariorepublica.com.ar\/web\/index.php\/wp-json\/wp\/v2\/media?parent=28813"}],"wp:term":[{"taxonomy":"category","embeddable":true,"href":"https:\/\/diariorepublica.com.ar\/web\/index.php\/wp-json\/wp\/v2\/categories?post=28813"},{"taxonomy":"post_tag","embeddable":true,"href":"https:\/\/diariorepublica.com.ar\/web\/index.php\/wp-json\/wp\/v2\/tags?post=28813"}],"curies":[{"name":"wp","href":"https:\/\/api.w.org\/{rel}","templated":true}]}}