{"id":28816,"date":"2026-01-21T17:31:00","date_gmt":"2026-01-21T20:31:00","guid":{"rendered":"https:\/\/diariorepublica.com.ar\/web\/?p=28816"},"modified":"2026-01-21T16:32:41","modified_gmt":"2026-01-21T19:32:41","slug":"alarmante-aumento-de-la-sifilis-sexo-sin-preservativo-y-falsa-sensacion-de-seguridad-disparan-los-contagios","status":"publish","type":"post","link":"https:\/\/diariorepublica.com.ar\/web\/index.php\/nacionales\/2026\/01\/21\/alarmante-aumento-de-la-sifilis-sexo-sin-preservativo-y-falsa-sensacion-de-seguridad-disparan-los-contagios\/","title":{"rendered":"Alarmante aumento de la s\u00edfilis: sexo sin preservativo y falsa sensaci\u00f3n de seguridad disparan los contagios"},"content":{"rendered":"<article class=\"article-body article-body--first-paragraph content-protected-false\" data-td-script-src=\"https:\/\/www.ambito.com\/td\/modulos\/encuestas\/js\/function-embeds-min-version-1768968409.js\">Las\u00a0<strong>infecciones de transmisi\u00f3n sexual (ITS)\u00a0<\/strong>vuelven a encender las alertas en\u00a0<strong>Argentina<\/strong>. Seg\u00fan el \u00faltimo<strong>\u00a0Bolet\u00edn Epidemiol\u00f3gico Nacional<\/strong>,\u00a0los casos de\u00a0<strong>s\u00edfilis<\/strong>\u00a0aumentaron un 71% durante 2025, con mayor impacto en personas de entre\u00a0<strong>15 y 39<\/strong>\u00a0a\u00f1os, el grupo con mayor actividad sexual y mayor exposici\u00f3n a conductas de riesgo.<\/p>\n<\/article>\n<article class=\"article-body article-body--second-paragraph content-protected-false\">El incremento no responde a una causa \u00fanica. Cambios culturales, nuevas formas de vincularse, una menor percepci\u00f3n del riesgo, el consumo de alcohol y drogas en contextos sexuales y la confianza en estrategias de prevenci\u00f3n que\u00a0<strong>no protegen frente a todas las ITS\u00a0<\/strong>conforman un escenario que favorece la circulaci\u00f3n sostenida de estas infecciones y retrasa su diagn\u00f3stico.<\/p>\n<p>La s\u00edfilis es una<strong>\u00a0infecci\u00f3n de transmisi\u00f3n sexual\u00a0<\/strong>provocada por la bacteria\u00a0<strong><em data-start=\"220\" data-end=\"240\">Treponema pallidum<\/em><\/strong>. Su principal v\u00eda de contagio son las\u00a0<strong>relaciones sexuales sin preservativo<\/strong>\u00a0y tambi\u00e9n puede transmitirse de una persona gestante al feto durante el embarazo. En las primeras etapas, suele cursar con s\u00edntomas poco evidentes o incluso pasar desapercibida, lo que facilita su propagaci\u00f3n sin detecci\u00f3n. Si no se trata a tiempo, la enfermedad puede avanzar y generar complicaciones neurol\u00f3gicas, cardiovasculares y sist\u00e9micas de gravedad.<\/p>\n<article class=\"article-body article-body--fourth-paragraph content-protected-false\">\n<p data-start=\"676\" data-end=\"1135\">A diferencia del incremento general de casos, el<strong>\u00a0Bolet\u00edn Epidemiol\u00f3gico Nacional (BEN)\u00a0<\/strong>report\u00f3 una baja en las notificaciones de s\u00edfilis cong\u00e9nita. En 2025 se registraron 1.033 notificaciones, frente a una mediana de\u00a0<strong>2.915 y 1.126 casos<\/strong>\u00a0confirmados durante el per\u00edodo 2020\u20132024. Esto implica una\u00a0<strong>reducci\u00f3n del 64%<\/strong>\u00a0en las notificaciones y del 8% en las confirmaciones. No obstante, el propio informe advierte que estas cifras deben interpretarse con prudencia.<\/p>\n<\/article>\n<article class=\"article-body article-body--fifth-paragraph content-protected-false\">\n<p data-start=\"1137\" data-end=\"1475\">El bolet\u00edn incluye una aclaraci\u00f3n metodol\u00f3gica clave: en eventos como la s\u00edfilis cong\u00e9nita, los casos sospechosos pueden permanecer durante varios meses sin una confirmaci\u00f3n definitiva. Por ese motivo, los datos publicados son considerados\u00a0<strong>provisorios<\/strong>\u00a0y est\u00e1n sujetos a cambios a medida que avanza el proceso de validaci\u00f3n epidemiol\u00f3gica.<\/p>\n<p data-start=\"2208\" data-end=\"2474\">La s\u00edfilis puede atravesar distintas etapas y presentar s\u00edntomas variables, lo que dificulta su detecci\u00f3n temprana. La\u00a0<strong data-start=\"2327\" data-end=\"2350\">Dra. Vanesa Fridman<\/strong>, m\u00e9dica de la Divisi\u00f3n Infectolog\u00eda del Hospital de Cl\u00ednicas, explic\u00f3 que los signos iniciales suelen pasar desapercibidos.<\/p>\n<p data-start=\"2476\" data-end=\"2532\">En su etapa temprana, seg\u00fan detalla la especialista, los s\u00edntomas m\u00e1s frecuentes son:<\/p>\n<ul>\n<li data-start=\"2535\" data-end=\"2604\">Aparici\u00f3n de una\u00a0<strong data-start=\"2552\" data-end=\"2571\">\u00falcera indolora<\/strong>\u00a0en el sitio de contacto sexual<\/li>\n<li data-start=\"2607\" data-end=\"2654\">Lesiones en\u00a0<strong data-start=\"2619\" data-end=\"2652\">genitales, boca o regi\u00f3n anal<\/strong><\/li>\n<li data-start=\"2657\" data-end=\"2715\"><strong data-start=\"2657\" data-end=\"2684\">Desaparici\u00f3n espont\u00e1nea<\/strong>\u00a0de la lesi\u00f3n sin tratamiento<\/li>\n<\/ul>\n<p data-start=\"2717\" data-end=\"2779\">En una etapa posterior, pueden aparecer otros s\u00edntomas como:<\/p>\n<ul>\n<li data-start=\"2782\" data-end=\"2806\"><strong data-start=\"2782\" data-end=\"2804\">Manchas en la piel<\/strong><\/li>\n<li data-start=\"2809\" data-end=\"2834\"><strong data-start=\"2809\" data-end=\"2832\">Lesiones en la boca<\/strong><\/li>\n<li data-start=\"2837\" data-end=\"2887\"><strong data-start=\"2837\" data-end=\"2887\">Malestar general, fiebre y ganglios inflamados<\/strong><\/li>\n<\/ul>\n<p data-start=\"2889\" data-end=\"3049\">Seg\u00fan Fridman, estos s\u00edntomas<strong>\u00a0\u201ctambi\u00e9n pueden desaparecer sin tratamiento\u201d<\/strong>, lo que retrasa a\u00fan m\u00e1s la consulta m\u00e9dica y favorece la transmisi\u00f3n de la infecci\u00f3n.<\/p>\n<\/article>\n<\/article>\n","protected":false},"excerpt":{"rendered":"<p>Las\u00a0infecciones de transmisi\u00f3n sexual (ITS)\u00a0vuelven a encender las alertas en\u00a0Argentina. Seg\u00fan el \u00faltimo\u00a0Bolet\u00edn Epidemiol\u00f3gico Nacional,\u00a0los casos de\u00a0s\u00edfilis\u00a0aumentaron un 71% durante<\/p>\n","protected":false},"author":1,"featured_media":28817,"comment_status":"closed","ping_status":"closed","sticky":false,"template":"","format":"standard","meta":{"footnotes":"","jetpack_publicize_message":"","jetpack_publicize_feature_enabled":true,"jetpack_social_post_already_shared":true,"jetpack_social_options":{"image_generator_settings":{"template":"highway","enabled":false},"version":2}},"categories":[4],"tags":[],"class_list":["post-28816","post","type-post","status-publish","format-standard","has-post-thumbnail","hentry","category-nacionales"],"jetpack_publicize_connections":[],"_links":{"self":[{"href":"https:\/\/diariorepublica.com.ar\/web\/index.php\/wp-json\/wp\/v2\/posts\/28816"}],"collection":[{"href":"https:\/\/diariorepublica.com.ar\/web\/index.php\/wp-json\/wp\/v2\/posts"}],"about":[{"href":"https:\/\/diariorepublica.com.ar\/web\/index.php\/wp-json\/wp\/v2\/types\/post"}],"author":[{"embeddable":true,"href":"https:\/\/diariorepublica.com.ar\/web\/index.php\/wp-json\/wp\/v2\/users\/1"}],"replies":[{"embeddable":true,"href":"https:\/\/diariorepublica.com.ar\/web\/index.php\/wp-json\/wp\/v2\/comments?post=28816"}],"version-history":[{"count":1,"href":"https:\/\/diariorepublica.com.ar\/web\/index.php\/wp-json\/wp\/v2\/posts\/28816\/revisions"}],"predecessor-version":[{"id":28818,"href":"https:\/\/diariorepublica.com.ar\/web\/index.php\/wp-json\/wp\/v2\/posts\/28816\/revisions\/28818"}],"wp:featuredmedia":[{"embeddable":true,"href":"https:\/\/diariorepublica.com.ar\/web\/index.php\/wp-json\/wp\/v2\/media\/28817"}],"wp:attachment":[{"href":"https:\/\/diariorepublica.com.ar\/web\/index.php\/wp-json\/wp\/v2\/media?parent=28816"}],"wp:term":[{"taxonomy":"category","embeddable":true,"href":"https:\/\/diariorepublica.com.ar\/web\/index.php\/wp-json\/wp\/v2\/categories?post=28816"},{"taxonomy":"post_tag","embeddable":true,"href":"https:\/\/diariorepublica.com.ar\/web\/index.php\/wp-json\/wp\/v2\/tags?post=28816"}],"curies":[{"name":"wp","href":"https:\/\/api.w.org\/{rel}","templated":true}]}}