{"id":28822,"date":"2026-01-21T19:04:46","date_gmt":"2026-01-21T22:04:46","guid":{"rendered":"https:\/\/diariorepublica.com.ar\/web\/?p=28822"},"modified":"2026-01-21T19:04:48","modified_gmt":"2026-01-21T22:04:48","slug":"docentes-recibiran-un-aumento-del-537-en-los-haberes-de-enero","status":"publish","type":"post","link":"https:\/\/diariorepublica.com.ar\/web\/index.php\/economia\/2026\/01\/21\/docentes-recibiran-un-aumento-del-537-en-los-haberes-de-enero\/","title":{"rendered":"\u00a0Docentes recibir\u00e1n un aumento del 5,37% en los haberes de enero"},"content":{"rendered":"<div class=\"data\">\n<div class=\"inner-share-bar cf\">\n<div class=\"item\"><span style=\"font-size: 15px;\">El gobernador Ra\u00fal Jalil, junto al ministro de Educaci\u00f3n, Ciencia y Tecnolog\u00eda, Nicol\u00e1s Rosales Matienzo, y la ministra de Trabajo, Planificaci\u00f3n y Recursos Humanos, Ver\u00f3nica Soria, recibi\u00f3 a los representantes de la intersindical docente para iniciar las conversaciones paritarias de 2026.<\/span><\/div>\n<\/div>\n<\/div>\n<div class=\"txt_contenido\">\n<p>En la oportunidad, se abord\u00f3 el cierre de la paritaria 2025, que concluye con un incremento salarial correspondiente al ajuste bimestral (inflaci\u00f3n de noviembre-diciembre) del 5,37%, el cual se ver\u00e1 reflejado en los haberes de enero que se percibir\u00e1n en el mes de febrero. Con este \u00faltimo aumento, el acumulado de la paritaria 2025 fue de 42,63%.<\/p>\n<p>Asimismo, las partes acordaron mantener un nuevo encuentro en los primeros d\u00edas de febrero, con el objetivo de comenzar a debatir los lineamientos de la paritaria docente 2026, reafirmando la voluntad de sostener el di\u00e1logo como herramienta central para la construcci\u00f3n de acuerdos.<\/p>\n<p>En este contexto, el gobernador Ra\u00fal Jalil invit\u00f3 a los gremios docentes a formar parte de la Comisi\u00f3n Provincial de Seguimiento y Coordinaci\u00f3n Demogr\u00e1fica que analizar\u00e1 las estrategias y pol\u00edticas p\u00fablicas tendientes a paliar el impacto de la ca\u00edda de la tasa de natalidad en la provincia.<\/p>\n<p>Por ello, durante esta primera reuni\u00f3n, se expuso un informe elaborado con datos de los censos nacionales de 2001, 2010 y 2022, que evidencia la disminuci\u00f3n progresiva de la tasa de natalidad en la provincia.<\/p>\n<\/div>\n","protected":false},"excerpt":{"rendered":"<p>El gobernador Ra\u00fal Jalil, junto al ministro de Educaci\u00f3n, Ciencia y Tecnolog\u00eda, Nicol\u00e1s Rosales Matienzo, y la ministra de Trabajo,<\/p>\n","protected":false},"author":1,"featured_media":28823,"comment_status":"closed","ping_status":"closed","sticky":false,"template":"","format":"standard","meta":{"footnotes":"","jetpack_publicize_message":"","jetpack_publicize_feature_enabled":true,"jetpack_social_post_already_shared":true,"jetpack_social_options":{"image_generator_settings":{"template":"highway","enabled":false},"version":2}},"categories":[5],"tags":[],"class_list":["post-28822","post","type-post","status-publish","format-standard","has-post-thumbnail","hentry","category-economia"],"jetpack_publicize_connections":[],"_links":{"self":[{"href":"https:\/\/diariorepublica.com.ar\/web\/index.php\/wp-json\/wp\/v2\/posts\/28822"}],"collection":[{"href":"https:\/\/diariorepublica.com.ar\/web\/index.php\/wp-json\/wp\/v2\/posts"}],"about":[{"href":"https:\/\/diariorepublica.com.ar\/web\/index.php\/wp-json\/wp\/v2\/types\/post"}],"author":[{"embeddable":true,"href":"https:\/\/diariorepublica.com.ar\/web\/index.php\/wp-json\/wp\/v2\/users\/1"}],"replies":[{"embeddable":true,"href":"https:\/\/diariorepublica.com.ar\/web\/index.php\/wp-json\/wp\/v2\/comments?post=28822"}],"version-history":[{"count":1,"href":"https:\/\/diariorepublica.com.ar\/web\/index.php\/wp-json\/wp\/v2\/posts\/28822\/revisions"}],"predecessor-version":[{"id":28824,"href":"https:\/\/diariorepublica.com.ar\/web\/index.php\/wp-json\/wp\/v2\/posts\/28822\/revisions\/28824"}],"wp:featuredmedia":[{"embeddable":true,"href":"https:\/\/diariorepublica.com.ar\/web\/index.php\/wp-json\/wp\/v2\/media\/28823"}],"wp:attachment":[{"href":"https:\/\/diariorepublica.com.ar\/web\/index.php\/wp-json\/wp\/v2\/media?parent=28822"}],"wp:term":[{"taxonomy":"category","embeddable":true,"href":"https:\/\/diariorepublica.com.ar\/web\/index.php\/wp-json\/wp\/v2\/categories?post=28822"},{"taxonomy":"post_tag","embeddable":true,"href":"https:\/\/diariorepublica.com.ar\/web\/index.php\/wp-json\/wp\/v2\/tags?post=28822"}],"curies":[{"name":"wp","href":"https:\/\/api.w.org\/{rel}","templated":true}]}}