{"id":28850,"date":"2026-01-24T17:08:07","date_gmt":"2026-01-24T20:08:07","guid":{"rendered":"https:\/\/diariorepublica.com.ar\/web\/?p=28850"},"modified":"2026-01-24T17:08:09","modified_gmt":"2026-01-24T20:08:09","slug":"raul-jalil-recibio-a-facundo-nieva-tras-su-consagracion-historica-en-el-patinaje-mundial","status":"publish","type":"post","link":"https:\/\/diariorepublica.com.ar\/web\/index.php\/locales\/2026\/01\/24\/raul-jalil-recibio-a-facundo-nieva-tras-su-consagracion-historica-en-el-patinaje-mundial\/","title":{"rendered":"Ra\u00fal Jalil recibi\u00f3 a Facundo Nieva tras su consagraci\u00f3n hist\u00f3rica en el patinaje mundial"},"content":{"rendered":"<p>En un acto cargado de simbolismo y reconocimiento al esfuerzo individual, el gobernador de la provincia,\u00a0<strong>Ra\u00fal Jalil<\/strong>, encabez\u00f3 una recepci\u00f3n oficial para homenajear a una de las figuras m\u00e1s rutilantes del deporte actual: el patinador catamarque\u00f1o\u00a0<strong>Facundo Nieva<\/strong>. La reuni\u00f3n, que tuvo lugar en la sede de la\u00a0<strong>Casa de Gobierno<\/strong>, cont\u00f3 con la participaci\u00f3n activa del secretario de deportes,\u00a0<strong>Guillermo Perna<\/strong>, consolidando un respaldo institucional hacia quien hoy se erige como el m\u00e1ximo referente de su disciplina en el pa\u00eds.<\/p>\n<p>Este encuentro se produce en un momento bisagra de la carrera de Nieva, quien acaba de cerrar una temporada 2025 calificada como consagratoria. Tras a\u00f1os de formaci\u00f3n y competencia, el atleta ha logrado escalar hasta la cima del\u00a0<strong>patinaje art\u00edstico<\/strong>, obteniendo resultados que sit\u00faan a Catamarca en el centro del mapa deportivo internacional. Durante el di\u00e1logo con las autoridades, se repasaron los hitos que permitieron este presente, subrayando que tales \u00e9xitos no son obra del azar, sino de una\u00a0<strong>disciplina y perseverancia<\/strong>\u00a0inquebrantables.<\/p>\n<p>La trayectoria reciente de Facundo Nieva ha sido vertiginosa y colmada de \u00e9xitos en los escenarios m\u00e1s exigentes del planeta. El joven deportista ha logrado transformar su talento en medallas y reconocimientos que lo posicionan como una figura de elite en el\u00a0<strong>alto rendimiento<\/strong>.<\/p>\n<p>Entre los logros t\u00e9cnicos y competitivos que sustentan este reconocimiento se destacan:<\/p>\n<p><strong>Medalla de plata en la Final Mundial de Patinaje:<\/strong>\u00a0Un hito alcanzado en Italia, donde compiti\u00f3 contra los mejores exponentes de la disciplina a nivel global.<\/p>\n<p><strong>Podios m\u00faltiples:<\/strong>\u00a0Obtenci\u00f3n de puestos de vanguardia tanto en\u00a0<strong>campeonatos mundiales<\/strong>\u00a0como en torneos\u00a0<strong>panamericanos<\/strong>.<\/p>\n<p><strong>Deportista del A\u00f1o 2025:<\/strong>\u00a0Una distinci\u00f3n local que premia su regularidad y excelencia a lo largo de todo el ciclo competitivo.<\/p>\n<p><strong>Olimpia de Plata en Pat\u00edn:<\/strong>\u00a0Su primera nominaci\u00f3n a los\u00a0<strong>Premios Olimpia<\/strong>\u00a0\u2014el m\u00e1ximo reconocimiento del deporte argentino\u2014 culmin\u00f3 con la obtenci\u00f3n de la estatuilla de plata, un galard\u00f3n que lo integra a la historia grande del deporte nacional.<\/p>\n<p>Durante la recepci\u00f3n, el gobernador Ra\u00fal Jalil no escatim\u00f3 en elogios para el patinador, resaltando que sus logros \u00abrepresentan con orgullo a Catamarca en el mundo\u00bb. Para el mandatario, la figura de Nieva trasciende la pista de patinaje; se convierte en un modelo de conducta y \u00e9xito para las nuevas generaciones. En este sentido, Jalil subray\u00f3 que la trayectoria de Facundo es una\u00a0<strong>inspiraci\u00f3n para los j\u00f3venes de la provincia<\/strong>\u00a0que aspiran a desarrollarse en el competitivo mundo del deporte profesional.<\/p>\n<p>El mensaje gubernamental fue claro: la perseverancia y el esfuerzo diario son las herramientas fundamentales para alcanzar metas que, en un principio, parecen inalcanzables. El caso de Nieva demuestra que, con el apoyo adecuado y una conducta disciplinada, el talento catamarque\u00f1o puede brillar con luz propia en cualquier escenario internacional.<\/p>\n<p>El encuentro tambi\u00e9n sirvi\u00f3 para poner en valor el crecimiento sostenido que ha experimentado el\u00a0<strong>patinaje art\u00edstico<\/strong>\u00a0dentro de la provincia. Lo que a\u00f1os atr\u00e1s era una disciplina en desarrollo, hoy cuenta con referentes de peso que compiten de igual a igual con potencias mundiales. El compromiso del secretario de deportes,\u00a0<strong>Guillermo Perna<\/strong>, y la gesti\u00f3n de Jalil busca reafirmar el acompa\u00f1amiento al talento local, entendiendo que el deporte de alto rendimiento requiere de un ecosistema que sustente las necesidades del atleta.<\/p>\n<p>El reconocimiento institucional a Facundo Nieva no es solo un premio a sus medallas, sino un mensaje de apoyo a todos los deportistas que buscan dejar su huella. Con el\u00a0<strong>Olimpia de Plata<\/strong>\u00a0bajo el brazo y una proyecci\u00f3n internacional sin techo, Nieva se prepara para los desaf\u00edos venideros, llevando consigo el respaldo de una provincia que hoy lo celebra como su embajador deportivo m\u00e1s distinguido.<\/p>\n","protected":false},"excerpt":{"rendered":"<p>En un acto cargado de simbolismo y reconocimiento al esfuerzo individual, el gobernador de la provincia,\u00a0Ra\u00fal Jalil, encabez\u00f3 una recepci\u00f3n<\/p>\n","protected":false},"author":1,"featured_media":28851,"comment_status":"closed","ping_status":"closed","sticky":false,"template":"","format":"standard","meta":{"footnotes":"","jetpack_publicize_message":"","jetpack_publicize_feature_enabled":true,"jetpack_social_post_already_shared":true,"jetpack_social_options":{"image_generator_settings":{"template":"highway","enabled":false},"version":2}},"categories":[2],"tags":[],"class_list":["post-28850","post","type-post","status-publish","format-standard","has-post-thumbnail","hentry","category-locales"],"jetpack_publicize_connections":[],"_links":{"self":[{"href":"https:\/\/diariorepublica.com.ar\/web\/index.php\/wp-json\/wp\/v2\/posts\/28850"}],"collection":[{"href":"https:\/\/diariorepublica.com.ar\/web\/index.php\/wp-json\/wp\/v2\/posts"}],"about":[{"href":"https:\/\/diariorepublica.com.ar\/web\/index.php\/wp-json\/wp\/v2\/types\/post"}],"author":[{"embeddable":true,"href":"https:\/\/diariorepublica.com.ar\/web\/index.php\/wp-json\/wp\/v2\/users\/1"}],"replies":[{"embeddable":true,"href":"https:\/\/diariorepublica.com.ar\/web\/index.php\/wp-json\/wp\/v2\/comments?post=28850"}],"version-history":[{"count":1,"href":"https:\/\/diariorepublica.com.ar\/web\/index.php\/wp-json\/wp\/v2\/posts\/28850\/revisions"}],"predecessor-version":[{"id":28852,"href":"https:\/\/diariorepublica.com.ar\/web\/index.php\/wp-json\/wp\/v2\/posts\/28850\/revisions\/28852"}],"wp:featuredmedia":[{"embeddable":true,"href":"https:\/\/diariorepublica.com.ar\/web\/index.php\/wp-json\/wp\/v2\/media\/28851"}],"wp:attachment":[{"href":"https:\/\/diariorepublica.com.ar\/web\/index.php\/wp-json\/wp\/v2\/media?parent=28850"}],"wp:term":[{"taxonomy":"category","embeddable":true,"href":"https:\/\/diariorepublica.com.ar\/web\/index.php\/wp-json\/wp\/v2\/categories?post=28850"},{"taxonomy":"post_tag","embeddable":true,"href":"https:\/\/diariorepublica.com.ar\/web\/index.php\/wp-json\/wp\/v2\/tags?post=28850"}],"curies":[{"name":"wp","href":"https:\/\/api.w.org\/{rel}","templated":true}]}}