{"id":28856,"date":"2026-01-24T18:24:13","date_gmt":"2026-01-24T21:24:13","guid":{"rendered":"https:\/\/diariorepublica.com.ar\/web\/?p=28856"},"modified":"2026-01-24T18:24:15","modified_gmt":"2026-01-24T21:24:15","slug":"el-gobierno-busca-apurar-el-debate-sobre-la-baja-de-edad-de-imputabilidad","status":"publish","type":"post","link":"https:\/\/diariorepublica.com.ar\/web\/index.php\/politica\/2026\/01\/24\/el-gobierno-busca-apurar-el-debate-sobre-la-baja-de-edad-de-imputabilidad\/","title":{"rendered":"El Gobierno busca apurar el debate sobre la baja de edad de imputabilidad"},"content":{"rendered":"<article id=\"article-post\" class=\"first\">\n<div class=\"cuerpo\" data-twitter-link=\"https:\/\/twitter.com\/intent\/tweet?url=https:\/\/www.diariopopular.com.ar\/c882792&amp;via=poopulardiario&amp;related=Popular&amp;text=\">\n<p>A ra\u00edz del asesinato de\u00a0<strong>Jerem\u00edas Monz\u00f3n<\/strong>, la senadora oficialista\u00a0<strong>Patricia Bullrich reaviv\u00f3 la discusi\u00f3n sobre el nuevo R\u00e9gimen Penal Juvenil<\/strong>, un proyecto de ley que en 2025 qued\u00f3 estancado en el Congreso. Pese a que hab\u00eda sido dictaminado en Diputados, no alcanz\u00f3 los votos necesarios para ser llevado al recinto y\u00a0<strong>volvi\u00f3 a foja cero<\/strong>. Ahora, los libertarios tienen esperanzas de que, con la nueva composici\u00f3n parlamentaria,\u00a0<strong>la iniciativa pueda avanzar<\/strong>.<\/p>\n<\/div>\n<\/article>\n<article id=\"article-post\">\n<div class=\"cuerpo\" data-twitter-link=\"https:\/\/twitter.com\/intent\/tweet?url=https:\/\/www.diariopopular.com.ar\/c882792&amp;via=poopulardiario&amp;related=Popular&amp;text=\">\n<p>El tr\u00e1gico caso del joven asesinado en Santa Fe, en el que est\u00e1n implicados menores de edad, puso otra vez sobre la mesa el debate sobre la disminuci\u00f3n de la edad de imputabilidad.<strong>\u00a0\u201cJerem\u00edas ten\u00eda 15 a\u00f1os. Fue torturado y asesinado por menores que grabaron el acto. Hoy, dos de ellos est\u00e1n libres\u201d<\/strong>, escribi\u00f3 Bullrich en su cuenta de la red social X y a\u00f1adi\u00f3:\u00a0<strong>\u201cLa edad no puede ser una excusa\u201d<\/strong>.<\/p>\n<p>La actual jefa del bloque libertario en el Senado tambi\u00e9n mencion\u00f3:\u00a0<strong>\u201cLa Ley Penal Juvenil estuvo frenada en el viejo Congreso porque algunos eligieron que no avanzara<\/strong>\u201d. Con la nueva configuraci\u00f3n del Congreso, donde el oficialismo tiene una posici\u00f3n m\u00e1s s\u00f3lida que el a\u00f1o anterior, el Gobierno espera que la ley sea sancionada.<\/p>\n<div id=\"embed9511_wrap\" class=\"embed_cont type_freetext\" contenteditable=\"false\" data-provider=\"Twitter\">\n<div id=\"embed9511_content\" class=\"embed_content\">\n<div id=\"embed9511_embed\">\n<div class=\"twitter-tweet twitter-tweet-rendered\"><iframe id=\"twitter-widget-0\" class=\"\" title=\"X Post\" src=\"https:\/\/platform.twitter.com\/embed\/Tweet.html?creatorScreenName=diariopopular&amp;dnt=false&amp;embedId=twitter-widget-0&amp;features=eyJ0ZndfdGltZWxpbmVfbGlzdCI6eyJidWNrZXQiOltdLCJ2ZXJzaW9uIjpudWxsfSwidGZ3X2ZvbGxvd2VyX2NvdW50X3N1bnNldCI6eyJidWNrZXQiOnRydWUsInZlcnNpb24iOm51bGx9LCJ0ZndfdHdlZXRfZWRpdF9iYWNrZW5kIjp7ImJ1Y2tldCI6Im9uIiwidmVyc2lvbiI6bnVsbH0sInRmd19yZWZzcmNfc2Vzc2lvbiI6eyJidWNrZXQiOiJvbiIsInZlcnNpb24iOm51bGx9LCJ0ZndfZm9zbnJfc29mdF9pbnRlcnZlbnRpb25zX2VuYWJsZWQiOnsiYnVja2V0Ijoib24iLCJ2ZXJzaW9uIjpudWxsfSwidGZ3X21peGVkX21lZGlhXzE1ODk3Ijp7ImJ1Y2tldCI6InRyZWF0bWVudCIsInZlcnNpb24iOm51bGx9LCJ0ZndfZXhwZXJpbWVudHNfY29va2llX2V4cGlyYXRpb24iOnsiYnVja2V0IjoxMjA5NjAwLCJ2ZXJzaW9uIjpudWxsfSwidGZ3X3Nob3dfYmlyZHdhdGNoX3Bpdm90c19lbmFibGVkIjp7ImJ1Y2tldCI6Im9uIiwidmVyc2lvbiI6bnVsbH0sInRmd19kdXBsaWNhdGVfc2NyaWJlc190b19zZXR0aW5ncyI6eyJidWNrZXQiOiJvbiIsInZlcnNpb24iOm51bGx9LCJ0ZndfdXNlX3Byb2ZpbGVfaW1hZ2Vfc2hhcGVfZW5hYmxlZCI6eyJidWNrZXQiOiJvbiIsInZlcnNpb24iOm51bGx9LCJ0ZndfdmlkZW9faGxzX2R5bmFtaWNfbWFuaWZlc3RzXzE1MDgyIjp7ImJ1Y2tldCI6InRydWVfYml0cmF0ZSIsInZlcnNpb24iOm51bGx9LCJ0ZndfbGVnYWN5X3RpbWVsaW5lX3N1bnNldCI6eyJidWNrZXQiOnRydWUsInZlcnNpb24iOm51bGx9LCJ0ZndfdHdlZXRfZWRpdF9mcm9udGVuZCI6eyJidWNrZXQiOiJvbiIsInZlcnNpb24iOm51bGx9fQ%3D%3D&amp;frame=false&amp;hideCard=false&amp;hideThread=false&amp;id=2014700557353505151&amp;lang=en&amp;origin=https%3A%2F%2Fwww.diariopopular.com.ar%2Fpolitica%2Fel-gobierno-busca-apurar-el-debate-la-baja-edad-imputabilidad-n882792&amp;sessionId=7002048f29ef13488b671216bc452b894f3c3974&amp;siteScreenName=diariopopular&amp;theme=light&amp;widgetsVersion=2615f7e52b7e0%3A1702314776716&amp;width=550px\" frameborder=\"0\" scrolling=\"no\" allowfullscreen=\"allowfullscreen\" data-tweet-id=\"2014700557353505151\" data-gtm-yt-inspected-13=\"true\" data-mce-fragment=\"1\"><\/iframe><\/div>\n<\/div>\n<\/div>\n<div id=\"embed9511_epigrafe\" class=\"embed_epigrafe\"><\/div>\n<div id=\"embed9511_copyright\" class=\"embed_copyright\"><\/div>\n<\/div>\n<p>En mayo del a\u00f1o pasado, despu\u00e9s de m\u00e1s de diez reuniones informativas, el oficialismo, con el apoyo de\u00a0<strong>Laura Rodr\u00edguez Machado<\/strong>\u00a0(en ese momento diputada del PRO), logr\u00f3 una primera victoria al dictaminar el nuevo R\u00e9gimen Penal Juvenil, que establece que\u00a0<strong>la edad de imputabilidad se fija en 14 a\u00f1os<\/strong>.<\/p>\n<p>El proyecto tambi\u00e9n propone\u00a0<strong>medidas previas de penalizaci\u00f3n para los j\u00f3venes en conflicto con la ley<\/strong>, como procesos de justicia restaurativa, trabajo comunitario y, como \u00faltimo recurso, la privaci\u00f3n de libertad con penas de m\u00e1s de diez a\u00f1os de prisi\u00f3n.<\/p>\n<p>La labor de Rodr\u00edguez Machado no fue sencilla; tuvo que llevar a cabo negociaciones complejas y hacer concesiones. Finalmente,\u00a0<strong>logr\u00f3 reunir 77 firmas en un plenario de comisiones<\/strong>\u00a0de Legislaci\u00f3n Penal, Familias, Ni\u00f1ez y Juventudes, Justicia, Presupuesto y Hacienda, dejando el tema listo para su tratamiento en el recinto. Sin embargo,\u00a0<strong>el oficialismo decidi\u00f3 no avanzar<\/strong>.<\/p>\n<p>A pesar de que el texto hab\u00eda superado la primera prueba al sortear las cuatro comisiones que sumaban m\u00e1s de 100 diputados de diferentes partidos,\u00a0<strong>no hab\u00eda garant\u00edas de votos en el recinto<\/strong>, aunque un sector de Uni\u00f3n por la Patria y el Frente Renovador de\u00a0<strong>Sergio Massa\u00a0<\/strong>mostraron disposici\u00f3n para apoyarlo.<\/p>\n<p>Pese al tuit de Bullrich, el R\u00e9gimen Penal Juvenil\u00a0<strong>no fue incluido en el temario de sesiones extraordinarias<\/strong>, lo que significa que su discusi\u00f3n podr\u00eda comenzar reci\u00e9n en marzo, al inicio del per\u00edodo de sesiones ordinarias. Un detalle a tener en cuenta: es importante mencionar que\u00a0<strong>el tema deber\u00e1 ser tratado desde cero<\/strong>.<\/p>\n<p>Con la finalizaci\u00f3n de las sesiones ordinarias de 2025,\u00a0<strong>todos los dict\u00e1menes, incluido el del R\u00e9gimen Penal Juvenil, perdieron vigenci<\/strong>a. Por eso, Rodr\u00edguez Machado se prepara para retomar el tratamiento, que parece que empezar\u00e1 de nuevo en Diputados. A\u00fan no se sabe si se volver\u00e1 a impulsar el mismo dictamen o si se presentar\u00e1 uno nuevo.<\/p>\n<\/div>\n<\/article>\n","protected":false},"excerpt":{"rendered":"<p>A ra\u00edz del asesinato de\u00a0Jerem\u00edas Monz\u00f3n, la senadora oficialista\u00a0Patricia Bullrich reaviv\u00f3 la discusi\u00f3n sobre el nuevo R\u00e9gimen Penal Juvenil, un<\/p>\n","protected":false},"author":1,"featured_media":28857,"comment_status":"closed","ping_status":"closed","sticky":false,"template":"","format":"standard","meta":{"footnotes":"","jetpack_publicize_message":"","jetpack_publicize_feature_enabled":true,"jetpack_social_post_already_shared":true,"jetpack_social_options":{"image_generator_settings":{"template":"highway","enabled":false},"version":2}},"categories":[12],"tags":[],"class_list":["post-28856","post","type-post","status-publish","format-standard","has-post-thumbnail","hentry","category-politica"],"jetpack_publicize_connections":[],"_links":{"self":[{"href":"https:\/\/diariorepublica.com.ar\/web\/index.php\/wp-json\/wp\/v2\/posts\/28856"}],"collection":[{"href":"https:\/\/diariorepublica.com.ar\/web\/index.php\/wp-json\/wp\/v2\/posts"}],"about":[{"href":"https:\/\/diariorepublica.com.ar\/web\/index.php\/wp-json\/wp\/v2\/types\/post"}],"author":[{"embeddable":true,"href":"https:\/\/diariorepublica.com.ar\/web\/index.php\/wp-json\/wp\/v2\/users\/1"}],"replies":[{"embeddable":true,"href":"https:\/\/diariorepublica.com.ar\/web\/index.php\/wp-json\/wp\/v2\/comments?post=28856"}],"version-history":[{"count":1,"href":"https:\/\/diariorepublica.com.ar\/web\/index.php\/wp-json\/wp\/v2\/posts\/28856\/revisions"}],"predecessor-version":[{"id":28858,"href":"https:\/\/diariorepublica.com.ar\/web\/index.php\/wp-json\/wp\/v2\/posts\/28856\/revisions\/28858"}],"wp:featuredmedia":[{"embeddable":true,"href":"https:\/\/diariorepublica.com.ar\/web\/index.php\/wp-json\/wp\/v2\/media\/28857"}],"wp:attachment":[{"href":"https:\/\/diariorepublica.com.ar\/web\/index.php\/wp-json\/wp\/v2\/media?parent=28856"}],"wp:term":[{"taxonomy":"category","embeddable":true,"href":"https:\/\/diariorepublica.com.ar\/web\/index.php\/wp-json\/wp\/v2\/categories?post=28856"},{"taxonomy":"post_tag","embeddable":true,"href":"https:\/\/diariorepublica.com.ar\/web\/index.php\/wp-json\/wp\/v2\/tags?post=28856"}],"curies":[{"name":"wp","href":"https:\/\/api.w.org\/{rel}","templated":true}]}}