{"id":28859,"date":"2026-01-24T16:24:00","date_gmt":"2026-01-24T19:24:00","guid":{"rendered":"https:\/\/diariorepublica.com.ar\/web\/?p=28859"},"modified":"2026-01-24T18:25:27","modified_gmt":"2026-01-24T21:25:27","slug":"bastian-fue-operado-por-sexta-vez-y-continua-estable-tras-una-traqueotomia","status":"publish","type":"post","link":"https:\/\/diariorepublica.com.ar\/web\/index.php\/nacionales\/2026\/01\/24\/bastian-fue-operado-por-sexta-vez-y-continua-estable-tras-una-traqueotomia\/","title":{"rendered":"Basti\u00e1n fue operado por sexta vez y contin\u00faa estable tras una traqueotom\u00eda"},"content":{"rendered":"<article id=\"article-post\" class=\"first\">\n<div class=\"cuerpo\" data-twitter-link=\"https:\/\/twitter.com\/intent\/tweet?url=https:\/\/www.diariopopular.com.ar\/c882804&amp;via=poopulardiario&amp;related=Popular&amp;text=\">\n<p><strong>Basti\u00e1n Jerez, el ni\u00f1o de 8 a\u00f1os que permanece internado tras el accidente entre un veh\u00edculo UTV y una camioneta ocurrido en la ciudad balnearia de Pinamar, fue operado por sexta vez y se le practic\u00f3 una traqueotom\u00eda.\u00a0<\/strong>Seg\u00fan el \u00faltimo parte m\u00e9dico difundido por el Ministerio de Salud bonaerense, el menor se encuentra estable y contin\u00faa bajo estricto control en terapia intensiva.<\/p>\n<\/div>\n<\/article>\n<article id=\"article-post\">\n<div class=\"cuerpo\" data-twitter-link=\"https:\/\/twitter.com\/intent\/tweet?url=https:\/\/www.diariopopular.com.ar\/c882804&amp;via=poopulardiario&amp;related=Popular&amp;text=\">\n<p><strong>La intervenci\u00f3n quir\u00fargica se realiz\u00f3 en el Hospital Materno Infantil \u201cVictorio Tetamanti\u201d, donde el ni\u00f1o permanece internado desde el siniestro.<\/strong>\u00a0De acuerdo con la informaci\u00f3n oficial, la cirug\u00eda (que hab\u00eda comenzado durante la ma\u00f1ana) result\u00f3 exitosa e incluy\u00f3 una fijaci\u00f3n cervical seguida de una traqueostom\u00eda.<strong><em>\u201cEl paciente se encuentra estable e internado en la unidad de terapia intensiva\u201d<\/em>, indicaron desde el centro de salud.<\/strong><\/p>\n<p>Se trata de la sexta operaci\u00f3n a la que es sometido Basti\u00e1n desde el accidente.\u00a0<strong>La decisi\u00f3n m\u00e9dica se tom\u00f3 luego de que estudios de resonancia magn\u00e9tica realizados esta semana confirmaran que el ni\u00f1o presenta lesiones severas tanto en el cerebro como en la columna cervical.\u00a0<\/strong>A partir de ese diagn\u00f3stico, el equipo de profesionales resolvi\u00f3 mantenerlo con inmovilizaci\u00f3n cervical y bajo monitoreo permanente, con la intervenci\u00f3n de especialistas en neurocirug\u00eda, neurolog\u00eda y terapia intensiva.<\/p>\n<p>Seg\u00fan indicaron allegados a la familia,<strong>\u00a0desde el viernes aguardaban la llegada de las pr\u00f3tesis necesarias para llevar adelante la cirug\u00eda.<\/strong>\u00a0Una vez confirmada la disponibilidad del material, los profesionales definieron avanzar con la intervenci\u00f3n. En ese contexto, la madre del ni\u00f1o hab\u00eda compartido un mensaje p\u00fablico en el que ped\u00eda acompa\u00f1amiento y oraciones antes del ingreso al quir\u00f3fano.<\/p>\n<figure id=\"781979-Libre-511108502_wrap\" class=\"embed_cont type_imagen\" contenteditable=\"false\">\n<div id=\"781979-Libre-511108502_content\" class=\"embed_content\"><img decoding=\"async\" id=\"781979-Libre-511108502_embed\" title=\"El mensaje que comparti\u00f3 la madre de Basti\u00e1n (captura Instagram)\" src=\"https:\/\/media.diariopopular.com.ar\/p\/aa33c5e703cccc4c8ccca225230b85c1\/adjuntos\/143\/imagenes\/008\/227\/0008227151\/1140x0\/smart\/madre-bastian.avif\" alt=\"El mensaje que comparti\u00f3 la madre de Basti\u00e1n (captura Instagram)\" width=\"1140\" height=\"undefined\" longdesc=\"https:\/\/media.diariopopular.com.ar\/p\/aa33c5e703cccc4c8ccca225230b85c1\/adjuntos\/143\/imagenes\/008\/227\/0008227151\/1140x0\/smart\/madre-bastian.avif\" \/><\/div><figcaption id=\"781979-Libre-511108502_epigrafe\" class=\"embed_epigrafe\">El mensaje que comparti\u00f3 la madre de Basti\u00e1n (captura Instagram)<\/p>\n<\/figcaption><div id=\"781979-Libre-511108502_copyright\" class=\"embed_copyright\"><\/div>\n<\/figure>\n<p><strong>Las alarmas se encendieron cuando los m\u00e9dicos evaluaron la posibilidad de retirar la asistencia respiratoria mec\u00e1nica y constataron que el menor no lograba respirar de manera espont\u00e1nea.<\/strong>\u00a0Ante ese cuadro, se decidi\u00f3 reanudar el soporte ventilatorio y avanzar con nuevas intervenciones para estabilizar su estado cl\u00ednico, entre ellas la traqueotom\u00eda.<\/p>\n<p>Seg\u00fan el informe del Ministerio de Salud de la Provincia de Buenos Aires,\u00a0<strong>Bastian presenta \u201clesiones cerebrales y cervicales severas\u201d.<\/strong>\u00a0Las complicaciones surgieron cuando los m\u00e9dicos intentaron retirarle el respirador para evaluar si pod\u00eda hacerlo por sus propios medios, pero no lo consigui\u00f3.<\/p>\n<p>Desde el hospital reiteraron que\u00a0<strong>Basti\u00e1n contin\u00faa internado en terapia intensiva, con pron\u00f3stico reservado y bajo observaci\u00f3n constante<\/strong>, a la espera de una evoluci\u00f3n favorable en su delicado estado de salud.<\/p>\n<p><strong>El accidente ocurri\u00f3 el lunes 12 de enero, cuando el UTV en el que viajaba Bastian con su familia choc\u00f3 contra una camioneta Amarok en la zona de m\u00e9danos de La Frontera, Pinamar.<\/strong>\u00a0Tras pasar por un hospital local, donde fue operado dos veces, el menor fue trasladado en helic\u00f3ptero a Mar del Plata para continuar con las intervenciones debido a la complejidad de las lesiones.<\/p>\n<p>La investigaci\u00f3n judicial sigue en curso mientras se realizan las pericias a los veh\u00edculos involucrados.<strong>\u00a0La fiscal\u00eda solicit\u00f3 la imputaci\u00f3n de Maximiliano Jerez, padre del menor, en una causa por lesiones culposas,\u00a0<\/strong>al considerar que no se habr\u00edan respetado las medidas de seguridad.<\/p>\n<\/div>\n<\/article>\n","protected":false},"excerpt":{"rendered":"<p>Basti\u00e1n Jerez, el ni\u00f1o de 8 a\u00f1os que permanece internado tras el accidente entre un veh\u00edculo UTV y una camioneta<\/p>\n","protected":false},"author":1,"featured_media":28860,"comment_status":"closed","ping_status":"closed","sticky":false,"template":"","format":"standard","meta":{"footnotes":"","jetpack_publicize_message":"","jetpack_publicize_feature_enabled":true,"jetpack_social_post_already_shared":true,"jetpack_social_options":{"image_generator_settings":{"template":"highway","enabled":false},"version":2}},"categories":[4],"tags":[],"class_list":["post-28859","post","type-post","status-publish","format-standard","has-post-thumbnail","hentry","category-nacionales"],"jetpack_publicize_connections":[],"_links":{"self":[{"href":"https:\/\/diariorepublica.com.ar\/web\/index.php\/wp-json\/wp\/v2\/posts\/28859"}],"collection":[{"href":"https:\/\/diariorepublica.com.ar\/web\/index.php\/wp-json\/wp\/v2\/posts"}],"about":[{"href":"https:\/\/diariorepublica.com.ar\/web\/index.php\/wp-json\/wp\/v2\/types\/post"}],"author":[{"embeddable":true,"href":"https:\/\/diariorepublica.com.ar\/web\/index.php\/wp-json\/wp\/v2\/users\/1"}],"replies":[{"embeddable":true,"href":"https:\/\/diariorepublica.com.ar\/web\/index.php\/wp-json\/wp\/v2\/comments?post=28859"}],"version-history":[{"count":1,"href":"https:\/\/diariorepublica.com.ar\/web\/index.php\/wp-json\/wp\/v2\/posts\/28859\/revisions"}],"predecessor-version":[{"id":28861,"href":"https:\/\/diariorepublica.com.ar\/web\/index.php\/wp-json\/wp\/v2\/posts\/28859\/revisions\/28861"}],"wp:featuredmedia":[{"embeddable":true,"href":"https:\/\/diariorepublica.com.ar\/web\/index.php\/wp-json\/wp\/v2\/media\/28860"}],"wp:attachment":[{"href":"https:\/\/diariorepublica.com.ar\/web\/index.php\/wp-json\/wp\/v2\/media?parent=28859"}],"wp:term":[{"taxonomy":"category","embeddable":true,"href":"https:\/\/diariorepublica.com.ar\/web\/index.php\/wp-json\/wp\/v2\/categories?post=28859"},{"taxonomy":"post_tag","embeddable":true,"href":"https:\/\/diariorepublica.com.ar\/web\/index.php\/wp-json\/wp\/v2\/tags?post=28859"}],"curies":[{"name":"wp","href":"https:\/\/api.w.org\/{rel}","templated":true}]}}