{"id":28862,"date":"2026-01-24T18:26:39","date_gmt":"2026-01-24T21:26:39","guid":{"rendered":"https:\/\/diariorepublica.com.ar\/web\/?p=28862"},"modified":"2026-01-24T18:26:40","modified_gmt":"2026-01-24T21:26:40","slug":"diego-valenzuela-dirigira-la-nueva-agencia-de-migraciones","status":"publish","type":"post","link":"https:\/\/diariorepublica.com.ar\/web\/index.php\/politica\/2026\/01\/24\/diego-valenzuela-dirigira-la-nueva-agencia-de-migraciones\/","title":{"rendered":"Diego Valenzuela dirigir\u00e1 la nueva Agencia de Migraciones"},"content":{"rendered":"<article id=\"article-post\" class=\"first\">\n<div class=\"cuerpo\" data-twitter-link=\"https:\/\/twitter.com\/intent\/tweet?url=https:\/\/www.diariopopular.com.ar\/c882806&amp;via=poopulardiario&amp;related=Popular&amp;text=\">\n<p><strong>Diego Valenzuela tendr\u00e1 un rol clave en el Gobierno nacional y dejar\u00e1 su banca en el Senado bonaerense para asumir como titular de la nueva Agencia Nacional de Migraciones<\/strong>, un organismo que formar\u00e1 parte de la reestructuraci\u00f3n de la pol\u00edtica migratoria impulsada por el presidente Javier Milei y que depender\u00e1 del Ministerio de Seguridad.<\/p>\n<\/div>\n<\/article>\n<article id=\"article-post\">\n<div class=\"cuerpo\" data-twitter-link=\"https:\/\/twitter.com\/intent\/tweet?url=https:\/\/www.diariopopular.com.ar\/c882806&amp;via=poopulardiario&amp;related=Popular&amp;text=\">\n<p>El actual senador provincial y ex intendente de Tres de Febrero se prepara as\u00ed para dar un salto estrat\u00e9gico en su carrera pol\u00edtica.\u00a0<strong>La designaci\u00f3n se oficializar\u00eda en los pr\u00f3ximos d\u00edas y prev\u00e9 que el nuevo organismo tenga rango de secretar\u00eda<\/strong>, con mayor autonom\u00eda operativa y un rol central en el control migratorio y de fronteras.<\/p>\n<p>El movimiento gener\u00f3 impacto en la Legislatura bonaerense, ya que Valenzuela solicit\u00f3 licencia poco tiempo despu\u00e9s de haber jurado como legislador.\u00a0<strong>La decisi\u00f3n sorprendi\u00f3 incluso dentro de su propio espacio pol\u00edtico y reconfigura el mapa interno del Senado provincial.<\/strong><\/p>\n<p>Seg\u00fan trascendi\u00f3,<strong>\u00a0su desembarco en el Ejecutivo nacional fue promovido por la ministra de Seguridad, Patricia Bullrich, junto a la funcionaria del \u00e1rea Alejandra Monteoliva<\/strong>, quienes impulsaron su perfil para encabezar una de las \u00e1reas sensibles de la agenda del Gobierno.<\/p>\n<p>Valenzuela cuenta con un fuerte anclaje territorial en el conurbano bonaerense.\u00a0<strong>Gobern\u00f3 el municipio de Tres de Febrero desde 2015 y fue reelegido en 2019 y 2023, consolidando una gesti\u00f3n con alto respaldo electoral.<\/strong>\u00a0Si bien su trayectoria pol\u00edtica se inici\u00f3 en el PRO, en los \u00faltimos a\u00f1os fue construyendo un perfil propio que lo acerc\u00f3 al oficialismo libertario.<\/p>\n<p><strong>Ese acercamiento se profundiz\u00f3 durante la campa\u00f1a presidencial<\/strong>\u00a0y en los primeros meses de gesti\u00f3n de<strong>\u00a0Javier Milei<\/strong>, per\u00edodo en el que\u00a0<strong>Valenzuela se convirti\u00f3 en uno de los principales interlocutores entre el Gobierno nacional y los intendentes del Gran Buenos Aires.<\/strong><\/p>\n<p><strong>El v\u00ednculo entre Valenzuela y Milei tiene adem\u00e1s un componente personal.\u00a0<\/strong>Ambos compartieron estudios de econom\u00eda en la Universidad de Belgrano hace m\u00e1s de tres d\u00e9cadas, una relaci\u00f3n que se mantuvo en el tiempo y que hoy se traduce en una relaci\u00f3n pol\u00edtica de confianza dentro del oficialismo.<\/p>\n<p>La creaci\u00f3n de la nueva Agencia Nacional de Migraciones se da en un contexto de redefinici\u00f3n profunda de la pol\u00edtica migratoria.\u00a0<strong>Desde la Casa Rosada impulsan reformas orientadas a endurecer los controles sobre el ingreso y la permanencia de extranjeros<\/strong>, con un fuerte \u00e9nfasis en la seguridad, la prevenci\u00f3n de delitos transnacionales y el fortalecimiento de los mecanismos de fiscalizaci\u00f3n.<\/p>\n<p>Con este nombramiento,\u00a0<strong>Diego Valenzuela se posiciona como una de las figuras bonaerenses con mayor proyecci\u00f3n dentro del gabinete de Javier Milei<\/strong>, al quedar al frente de un \u00e1rea estrat\u00e9gica y de alta sensibilidad pol\u00edtica.<\/p>\n<\/div>\n<\/article>\n","protected":false},"excerpt":{"rendered":"<p>Diego Valenzuela tendr\u00e1 un rol clave en el Gobierno nacional y dejar\u00e1 su banca en el Senado bonaerense para asumir<\/p>\n","protected":false},"author":1,"featured_media":28863,"comment_status":"closed","ping_status":"closed","sticky":false,"template":"","format":"standard","meta":{"footnotes":"","jetpack_publicize_message":"","jetpack_publicize_feature_enabled":true,"jetpack_social_post_already_shared":true,"jetpack_social_options":{"image_generator_settings":{"template":"highway","enabled":false},"version":2}},"categories":[12],"tags":[],"class_list":["post-28862","post","type-post","status-publish","format-standard","has-post-thumbnail","hentry","category-politica"],"jetpack_publicize_connections":[],"_links":{"self":[{"href":"https:\/\/diariorepublica.com.ar\/web\/index.php\/wp-json\/wp\/v2\/posts\/28862"}],"collection":[{"href":"https:\/\/diariorepublica.com.ar\/web\/index.php\/wp-json\/wp\/v2\/posts"}],"about":[{"href":"https:\/\/diariorepublica.com.ar\/web\/index.php\/wp-json\/wp\/v2\/types\/post"}],"author":[{"embeddable":true,"href":"https:\/\/diariorepublica.com.ar\/web\/index.php\/wp-json\/wp\/v2\/users\/1"}],"replies":[{"embeddable":true,"href":"https:\/\/diariorepublica.com.ar\/web\/index.php\/wp-json\/wp\/v2\/comments?post=28862"}],"version-history":[{"count":1,"href":"https:\/\/diariorepublica.com.ar\/web\/index.php\/wp-json\/wp\/v2\/posts\/28862\/revisions"}],"predecessor-version":[{"id":28864,"href":"https:\/\/diariorepublica.com.ar\/web\/index.php\/wp-json\/wp\/v2\/posts\/28862\/revisions\/28864"}],"wp:featuredmedia":[{"embeddable":true,"href":"https:\/\/diariorepublica.com.ar\/web\/index.php\/wp-json\/wp\/v2\/media\/28863"}],"wp:attachment":[{"href":"https:\/\/diariorepublica.com.ar\/web\/index.php\/wp-json\/wp\/v2\/media?parent=28862"}],"wp:term":[{"taxonomy":"category","embeddable":true,"href":"https:\/\/diariorepublica.com.ar\/web\/index.php\/wp-json\/wp\/v2\/categories?post=28862"},{"taxonomy":"post_tag","embeddable":true,"href":"https:\/\/diariorepublica.com.ar\/web\/index.php\/wp-json\/wp\/v2\/tags?post=28862"}],"curies":[{"name":"wp","href":"https:\/\/api.w.org\/{rel}","templated":true}]}}