{"id":28865,"date":"2026-01-24T14:26:00","date_gmt":"2026-01-24T17:26:00","guid":{"rendered":"https:\/\/diariorepublica.com.ar\/web\/?p=28865"},"modified":"2026-01-24T18:28:44","modified_gmt":"2026-01-24T21:28:44","slug":"un-intendente-de-la-pampa-murio-tras-un-accidente-con-un-camion-en-la-ruta","status":"publish","type":"post","link":"https:\/\/diariorepublica.com.ar\/web\/index.php\/nacionales\/2026\/01\/24\/un-intendente-de-la-pampa-murio-tras-un-accidente-con-un-camion-en-la-ruta\/","title":{"rendered":"Un intendente de La Pampa muri\u00f3 tras un accidente con un cami\u00f3n en la ruta"},"content":{"rendered":"<article class=\"article-body article-body--first-paragraph content-protected-false\" data-td-script-src=\"https:\/\/www.ambito.com\/td\/modulos\/encuestas\/js\/function-embeds-min-version-1769227623.js\"><strong>El intendente de Quehu\u00e9,\u00a0La Pampa, Nazareno Cruz Otamendi, muri\u00f3 este s\u00e1bado por la ma\u00f1ana\u00a0<\/strong>como consecuencia de un\u00a0accidente en el kil\u00f3metro 265 de la ruta\u00a0provincial 18. En detalle, el funcionario estaba a bordo de su camioneta Fiat Strada,\u00a0<strong>cuando el hidr\u00e1ulico de un cami\u00f3n se desprendi\u00f3 en impact\u00f3 contra el asiento del conductor.<\/strong><\/p>\n<\/article>\n<article class=\"article-body article-body--second-paragraph content-protected-false\">Cruz y otros dos veh\u00edculos con amigos viajaban rumbo a la costa atl\u00e1ntica, seg\u00fan consign\u00f3 el medio local La Arena. En la camioneta que manejaba el funcionario tambi\u00e9n se encontraban su esposa y sus dos hijos, que\u00a0<strong>no sufrieron lesiones graves.<\/strong><\/p>\n<article class=\"article-body article-body--third-paragraph content-protected-false\">Seg\u00fan las primeras reconstrucciones, el tr\u00e1gico hecho ocurri\u00f3 cerca de las 6 de la ma\u00f1ana, cuando un cami\u00f3n gr\u00faa pas\u00f3 cerca de la camioneta conducida por Cruz. El veh\u00edculo m\u00e1s grande circulaba en sentido contrario y, cuando pas\u00f3 junto a la Fiat Strada del Intendente, se le desprendi\u00f3 uno de los hidr\u00e1ulicos laterales.<\/p>\n<\/article>\n<article class=\"article-body article-body--fourth-paragraph content-protected-false\"><strong>El objeto golpe\u00f3 contra el asfalto y luego impact\u00f3 directamente contra el asiento del conductor,\u00a0<\/strong>lo que produjo el fallecimiento del funcionario. Luego, sigui\u00f3 trayecto e impact\u00f3 contra el techo del veh\u00edculo que ven\u00eda detr\u00e1s.<\/p>\n<\/article>\n<article class=\"article-body article-body--fifth-paragraph content-protected-false\">En ese instante, la pareja de Cruz logr\u00f3 tomar el control de la camioneta y manejarla hacia la\u00a0<strong>banquina<\/strong>. Los integrantes del auto fueron trasladados al Hospital de General Acha.<\/p>\n<\/article>\n<\/article>\n","protected":false},"excerpt":{"rendered":"<p>El intendente de Quehu\u00e9,\u00a0La Pampa, Nazareno Cruz Otamendi, muri\u00f3 este s\u00e1bado por la ma\u00f1ana\u00a0como consecuencia de un\u00a0accidente en el kil\u00f3metro<\/p>\n","protected":false},"author":1,"featured_media":28866,"comment_status":"closed","ping_status":"closed","sticky":false,"template":"","format":"standard","meta":{"footnotes":"","jetpack_publicize_message":"","jetpack_publicize_feature_enabled":true,"jetpack_social_post_already_shared":true,"jetpack_social_options":{"image_generator_settings":{"template":"highway","enabled":false},"version":2}},"categories":[4],"tags":[],"class_list":["post-28865","post","type-post","status-publish","format-standard","has-post-thumbnail","hentry","category-nacionales"],"jetpack_publicize_connections":[],"_links":{"self":[{"href":"https:\/\/diariorepublica.com.ar\/web\/index.php\/wp-json\/wp\/v2\/posts\/28865"}],"collection":[{"href":"https:\/\/diariorepublica.com.ar\/web\/index.php\/wp-json\/wp\/v2\/posts"}],"about":[{"href":"https:\/\/diariorepublica.com.ar\/web\/index.php\/wp-json\/wp\/v2\/types\/post"}],"author":[{"embeddable":true,"href":"https:\/\/diariorepublica.com.ar\/web\/index.php\/wp-json\/wp\/v2\/users\/1"}],"replies":[{"embeddable":true,"href":"https:\/\/diariorepublica.com.ar\/web\/index.php\/wp-json\/wp\/v2\/comments?post=28865"}],"version-history":[{"count":1,"href":"https:\/\/diariorepublica.com.ar\/web\/index.php\/wp-json\/wp\/v2\/posts\/28865\/revisions"}],"predecessor-version":[{"id":28867,"href":"https:\/\/diariorepublica.com.ar\/web\/index.php\/wp-json\/wp\/v2\/posts\/28865\/revisions\/28867"}],"wp:featuredmedia":[{"embeddable":true,"href":"https:\/\/diariorepublica.com.ar\/web\/index.php\/wp-json\/wp\/v2\/media\/28866"}],"wp:attachment":[{"href":"https:\/\/diariorepublica.com.ar\/web\/index.php\/wp-json\/wp\/v2\/media?parent=28865"}],"wp:term":[{"taxonomy":"category","embeddable":true,"href":"https:\/\/diariorepublica.com.ar\/web\/index.php\/wp-json\/wp\/v2\/categories?post=28865"},{"taxonomy":"post_tag","embeddable":true,"href":"https:\/\/diariorepublica.com.ar\/web\/index.php\/wp-json\/wp\/v2\/tags?post=28865"}],"curies":[{"name":"wp","href":"https:\/\/api.w.org\/{rel}","templated":true}]}}