{"id":28868,"date":"2026-01-24T12:29:00","date_gmt":"2026-01-24T15:29:00","guid":{"rendered":"https:\/\/diariorepublica.com.ar\/web\/?p=28868"},"modified":"2026-01-24T18:30:28","modified_gmt":"2026-01-24T21:30:28","slug":"incendios-en-chubut-el-gobierno-intervino-el-parque-nacional-los-alerces","status":"publish","type":"post","link":"https:\/\/diariorepublica.com.ar\/web\/index.php\/nacionales\/2026\/01\/24\/incendios-en-chubut-el-gobierno-intervino-el-parque-nacional-los-alerces\/","title":{"rendered":"Incendios en Chubut: el Gobierno intervino el Parque Nacional Los Alerces"},"content":{"rendered":"<article id=\"article-post\" class=\"first\">\n<div class=\"cuerpo\" data-twitter-link=\"https:\/\/twitter.com\/intent\/tweet?url=https:\/\/www.diariopopular.com.ar\/c882797&amp;via=poopulardiario&amp;related=Popular&amp;text=\">\n<p><strong>Tras la p\u00e9rdida de unas 10.000 hect\u00e1reas de bosque nativo afectadas por los incendios que se desarrollan desde diciembre, el gobierno nacional resolvi\u00f3 intervenir el Parque Nacional Los Alerces, en Chubut.<\/strong>\u00a0La medida fue dispuesta por la Administraci\u00f3n de Parques Nacionales (APN) y, seg\u00fan la informaci\u00f3n oficial, se enmarca en el contexto de la \u201cemergencia \u00edgnea\u201d y en la necesidad de fortalecer la gesti\u00f3n institucional y las acciones operativas frente a una situaci\u00f3n excepcional.<\/p>\n<\/div>\n<\/article>\n<article id=\"article-post\">\n<div class=\"cuerpo\" data-twitter-link=\"https:\/\/twitter.com\/intent\/tweet?url=https:\/\/www.diariopopular.com.ar\/c882797&amp;via=poopulardiario&amp;related=Popular&amp;text=\">\n<p>La decisi\u00f3n fue adoptada el viernes en las \u00faltimas horas.\u00a0<strong>A trav\u00e9s de un comunicado, la APN inform\u00f3 que se dispuso la intervenci\u00f3n del \u00e1rea protegida<\/strong>\u00a0\u201ccon el objeto de asegurar la regularizaci\u00f3n de su funcionamiento institucional, operativo y administrativo, as\u00ed como la adecuada tutela de los bienes ambientales protegidos\u201d, en un escenario atravesado por un incendio activo desde el 8 de diciembre, cuando un rayo impact\u00f3 en la zona del brazo sur del Lago Men\u00e9ndez y origin\u00f3 los primeros focos.<\/p>\n<p>De acuerdo con lo informado por\u00a0<strong>la Direcci\u00f3n de Comunicaciones y Relaciones Institucionales del organismo, las riendas administrativas y ejecutivas del parque quedar\u00e1n a cargo de un Comit\u00e9 de Intervenci\u00f3n,\u00a0<\/strong>que asumir\u00e1 de manera transitoria las funciones y atribuciones propias de la Intendencia del Parque Nacional. La medida se tom\u00f3 luego de una evaluaci\u00f3n integral realizada tras la incorporaci\u00f3n, el pasado 6 de enero, de una delegaci\u00f3n institucional de la APN al Comando Operativo que coordina el combate del fuego.<\/p>\n<p><strong>Ese grupo estuvo integrado por el presidente de la APN, Sergio \u00c1lvarez; el director nacional de Operaciones, Jos\u00e9 Albrizio; el director regional Sur de la Direcci\u00f3n Nacional de Operaciones, Dami\u00e1n Mujica; y el director de Lucha contra Incendios Forestales y Emergencias (DLIFE), Ariel Amthauer.\u00a0<\/strong>Como resultado de esa evaluaci\u00f3n, el organismo consider\u00f3 necesario adoptar \u201cmedidas inmediatas de car\u00e1cter organizacional y funcional\u201d para asegurar el normal funcionamiento del parque, integrante del Sistema Federal de Parques Nacionales, Monumentos Naturales y Reservas Nacionales.<\/p>\n<p>La APN tambi\u00e9n inform\u00f3 que,<strong>\u00a0ante la existencia de actuaciones judiciales radicadas en la Fiscal\u00eda Federal de Esquel, se resolvi\u00f3 \u201cextremar los recaudos institucionales\u201d y adoptar las medidas conducentes dentro del \u00e1mbito de sus competencias para preservar el adecuado funcionamiento del \u00e1rea protegida.<\/strong>\u00a0En ese marco, desde el organismo sostienen que la intervenci\u00f3n permitir\u00e1 fortalecer la conducci\u00f3n integral del parque, asegurar la ejecuci\u00f3n de las pol\u00edticas institucionales y atender adecuadamente la emergencia en curso.<\/p>\n<p>La resoluci\u00f3n se conoci\u00f3 pocas horas despu\u00e9s de que el gobernador de Chubut, Ignacio Torres, y la C\u00e1mara de Turismo de la provincia reclamaran la remoci\u00f3n de las autoridades locales del parque.\u00a0<strong>La C\u00e1mara de Turismo de Chubut (CATCH) solicit\u00f3 formalmente la renuncia de los responsables y cuestion\u00f3 la capacidad de respuesta y la comunicaci\u00f3n institucional durante una de las crisis m\u00e1s graves que atraves\u00f3 la regi\u00f3n en los \u00faltimos a\u00f1os.<\/strong>\u00a0En su presentaci\u00f3n, el sector denunci\u00f3 negligencia, falta de previsi\u00f3n, errores estrat\u00e9gicos y una deficiente conducci\u00f3n operativa, con consecuencias ambientales, sociales, econ\u00f3micas y humanas de extrema gravedad.<\/p>\n<p><strong>Mientras tanto, el incendio contin\u00faa activo y las condiciones meteorol\u00f3gicas previstas para el fin de semana\u00a0<\/strong>configuran un escenario complejo para las brigadas que trabajan en terreno.<strong>\u00a0Seg\u00fan los partes oficiales, se esperan jornadas de calor intenso<\/strong>, con r\u00e1fagas de viento de direcciones variables, en pendientes pronunciadas y con riesgo permanente de desprendimientos de rocas y \u00e1rboles.<\/p>\n<p><strong>Desde el Comando Unificado se dispuso un dispositivo especial de monitoreo a\u00e9reo sobre los sectores con mayor actividad<\/strong>, con el objetivo de resguardar la seguridad de los combatientes y de los equipos de apoyo log\u00edstico terrestres, n\u00e1uticos y a\u00e9reos. En paralelo, se contin\u00faan reforzando las fajas cortafuego realizadas con maquinaria vial para evitar la propagaci\u00f3n del incendio en el bosque nativo, en un contexto de avance constante de los frentes, arroyos secos y sin posibilidad de recarga de los equipos de bombeo.<\/p>\n<p>Durante la ma\u00f1ana de este s\u00e1bado se registraron bancos de humo y nubosidad sobre lagos y laderas, aunque la operaci\u00f3n a\u00e9rea se inici\u00f3 con el despliegue de tres helic\u00f3pteros y cuatro aviones.\u00a0<strong>En total, 147 personas participan de las distintas fases del operativo en los diversos sectores del parque.<\/strong>\u00a0Los sistemas de observaci\u00f3n a\u00e9rea se complementan con transmisi\u00f3n directa de datos al gabinete t\u00e9cnico y con la informaci\u00f3n relevada por las brigadas en el terreno,\u00a0<strong>lo que permite estimar una superficie afectada superior a las 10 mil hect\u00e1reas<\/strong>, con islas de vegetaci\u00f3n sin da\u00f1os dentro del pol\u00edgono incendiado.<\/p>\n<p>Por indicaci\u00f3n del Comando Unificado,<strong>\u00a0se mantienen guardias nocturnas sobre la Ruta 71<\/strong>, con la participaci\u00f3n de brigadistas vecinales, guardaparques, bomberos voluntarios y pobladores, destinados a contener los focos que se generan por la din\u00e1mica descendente del fuego durante el atardecer.<strong>\u00a0La APN solicit\u00f3 a la comunidad mantenerse informada a trav\u00e9s de los canales oficiales<\/strong>, respetar las restricciones sobre el uso del fuego y las normas especiales de circulaci\u00f3n en las zonas pr\u00f3ximas al incendio.<\/p>\n<p><strong>Actualmente, la Ruta 71 se encuentra habilitada hasta el ret\u00e9n de Bah\u00eda Rosales, l\u00edmite sur de las operaciones en terreno, mientras que la Portada Norte permanece cerrada.\u00a0<\/strong>Adem\u00e1s, la navegaci\u00f3n recreativa en el Lago Futalaufquen est\u00e1 restringida debido a la operaci\u00f3n de medios a\u00e9reos que utilizan el espejo de agua para la recarga de tanques y helibaldes.<\/p>\n<\/div>\n<\/article>\n","protected":false},"excerpt":{"rendered":"<p>Tras la p\u00e9rdida de unas 10.000 hect\u00e1reas de bosque nativo afectadas por los incendios que se desarrollan desde diciembre, el<\/p>\n","protected":false},"author":1,"featured_media":28869,"comment_status":"closed","ping_status":"closed","sticky":false,"template":"","format":"standard","meta":{"footnotes":"","jetpack_publicize_message":"","jetpack_publicize_feature_enabled":true,"jetpack_social_post_already_shared":true,"jetpack_social_options":{"image_generator_settings":{"template":"highway","enabled":false},"version":2}},"categories":[4],"tags":[],"class_list":["post-28868","post","type-post","status-publish","format-standard","has-post-thumbnail","hentry","category-nacionales"],"jetpack_publicize_connections":[],"_links":{"self":[{"href":"https:\/\/diariorepublica.com.ar\/web\/index.php\/wp-json\/wp\/v2\/posts\/28868"}],"collection":[{"href":"https:\/\/diariorepublica.com.ar\/web\/index.php\/wp-json\/wp\/v2\/posts"}],"about":[{"href":"https:\/\/diariorepublica.com.ar\/web\/index.php\/wp-json\/wp\/v2\/types\/post"}],"author":[{"embeddable":true,"href":"https:\/\/diariorepublica.com.ar\/web\/index.php\/wp-json\/wp\/v2\/users\/1"}],"replies":[{"embeddable":true,"href":"https:\/\/diariorepublica.com.ar\/web\/index.php\/wp-json\/wp\/v2\/comments?post=28868"}],"version-history":[{"count":1,"href":"https:\/\/diariorepublica.com.ar\/web\/index.php\/wp-json\/wp\/v2\/posts\/28868\/revisions"}],"predecessor-version":[{"id":28870,"href":"https:\/\/diariorepublica.com.ar\/web\/index.php\/wp-json\/wp\/v2\/posts\/28868\/revisions\/28870"}],"wp:featuredmedia":[{"embeddable":true,"href":"https:\/\/diariorepublica.com.ar\/web\/index.php\/wp-json\/wp\/v2\/media\/28869"}],"wp:attachment":[{"href":"https:\/\/diariorepublica.com.ar\/web\/index.php\/wp-json\/wp\/v2\/media?parent=28868"}],"wp:term":[{"taxonomy":"category","embeddable":true,"href":"https:\/\/diariorepublica.com.ar\/web\/index.php\/wp-json\/wp\/v2\/categories?post=28868"},{"taxonomy":"post_tag","embeddable":true,"href":"https:\/\/diariorepublica.com.ar\/web\/index.php\/wp-json\/wp\/v2\/tags?post=28868"}],"curies":[{"name":"wp","href":"https:\/\/api.w.org\/{rel}","templated":true}]}}