{"id":28871,"date":"2026-01-26T10:12:00","date_gmt":"2026-01-26T13:12:00","guid":{"rendered":"https:\/\/diariorepublica.com.ar\/web\/?p=28871"},"modified":"2026-01-26T17:13:23","modified_gmt":"2026-01-26T20:13:23","slug":"operativo-de-descacharrado-en-barrios-de-la-capital","status":"publish","type":"post","link":"https:\/\/diariorepublica.com.ar\/web\/index.php\/sociedad\/2026\/01\/26\/operativo-de-descacharrado-en-barrios-de-la-capital\/","title":{"rendered":"Operativo de descacharrado en barrios de la Capital"},"content":{"rendered":"<p>Eel <strong>Ministerio de Salud de la provincia<\/strong>, a trav\u00e9s de la\u00a0<strong>Direcci\u00f3n de Control Integral de Vectores y Zoonosis<\/strong>, ha decidido elevar el nivel de acci\u00f3n. En una labor coordinada con la\u00a0<strong>Municipalidad de la Capital<\/strong>, se ha puesto en marcha un ambicioso cronograma de prevenci\u00f3n orientado a combatir las enfermedades transmitidas por el mosquito\u00a0<strong>Aedes Aegypti<\/strong>: el\u00a0<strong>Dengue, Zika<\/strong>\u00a0y<strong>\u00a0Chikungunya<\/strong>.<\/p>\n<p>Esta iniciativa surge como una respuesta necesaria ante la temporada estival, periodo donde la proliferaci\u00f3n del vector suele alcanzar sus picos m\u00e1ximos. El despliegue consiste en una serie de tareas de\u00a0<strong>control focal<\/strong>\u00a0y la erradicaci\u00f3n sistem\u00e1tica de potenciales criaderos en diversos domicilios, buscando neutralizar el ciclo de vida del insecto antes de que los casos comiencen a presionar el sistema sanitario.<\/p>\n<p>Las brigadas de operarios han sido asignadas a sectores espec\u00edficos de la ciudad. El operativo, que se desarrollar\u00e1 desde este\u00a0<strong>lunes 26 hasta el viernes 30 de enero<\/strong>, est\u00e1 estructurado en dos franjas horarias: de\u00a0<strong>9 a 12 horas<\/strong>\u00a0y de\u00a0<strong>16 a 19 horas<\/strong>.<\/p>\n<p>Las zonas afectadas por las acciones de control focal se detallan a continuaci\u00f3n:<\/p>\n<ul>\n<li><strong>Lunes y Martes:<\/strong>\u00a0Intervenciones en los barrios\u00a0<strong>Alcira Sur<\/strong>,\u00a0<strong>50vv Sur<\/strong>\u00a0y\u00a0<strong>Gastron\u00f3micos<\/strong>.<\/li>\n<li><strong>Mi\u00e9rcoles:<\/strong>\u00a0Despliegue en las zonas de\u00a0<strong>20 de Marzo<\/strong>,\u00a0<strong>Pi\u00f1on Fijo<\/strong>\u00a0y\u00a0<strong>40vv Sur<\/strong>.<\/li>\n<li><strong>Viernes:<\/strong>\u00a0Trabajo intensivo en\u00a0<strong>54vv Sur<\/strong>,\u00a0<strong>Juan Domingo Per\u00f3n<\/strong>,\u00a0<strong>CGT<\/strong>\u00a0y\u00a0<strong>Chacarita<\/strong>.<\/li>\n<\/ul>\n<p>Adem\u00e1s de estas visitas, el calendario contempla una acci\u00f3n de gran escala para el\u00a0<strong>jueves 29 de enero<\/strong>. Se trata de una jornada especial de\u00a0<strong>descacharrado<\/strong>\u00a0(eliminaci\u00f3n de elementos inservibles) que tendr\u00e1 lugar en el\u00a0<strong>Barrio Villa Eumelia<\/strong>, en el horario de\u00a0<strong>8 a 13 horas<\/strong>. En este sector, se buscar\u00e1 retirar todo aquel recipiente que pueda acumular agua y servir de nido para las larvas.<\/p>\n<p>Para que esta ofensiva sanitaria tenga \u00e9xito, las autoridades han enfatizado que la\u00a0<strong>colaboraci\u00f3n vecinal<\/strong>\u00a0es el factor determinante. El ingreso de las brigadas a los patios y jardines de las viviendas es esencial, ya que es all\u00ed donde se encuentran la mayor\u00eda de los criaderos que no pueden ser detectados desde la v\u00eda p\u00fablica.<\/p>\n<p>Conscientes de la importancia de la seguridad, desde Salud se aclar\u00f3 que los agentes que participan de las inspecciones se encuentran\u00a0<strong>debidamente identificados<\/strong>. El personal cuenta con credenciales oficiales que los propietarios pueden exigir para permitir el acceso a sus hogares de manera segura durante las inspecciones de patios y jardines.<\/p>\n<p>El \u00e9xito de la planificaci\u00f3n est\u00e1 estrechamente ligado al\u00a0<strong>factor clim\u00e1tico<\/strong>. Si bien los operativos est\u00e1n dise\u00f1ados para una ejecuci\u00f3n inmediata durante esta semana de enero, desde el Ministerio recordaron que la planificaci\u00f3n est\u00e1\u00a0<strong>sujeta a modificaciones<\/strong>.<\/p>\n<p>En caso de registrarse condiciones clim\u00e1ticas adversas, tales como lluvias persistentes, las tareas se ver\u00e1n obligatoriamente suspendidas o reprogramadas, dado que el agua impide el normal desarrollo de los operativos qu\u00edmicos y la remoci\u00f3n de materiales inservibles. Este esfuerzo busca generar una barrera epidemiol\u00f3gica s\u00f3lida y proteger a la comunidad ante la proliferaci\u00f3n del mosquito transmisor.<\/p>\n","protected":false},"excerpt":{"rendered":"<p>Eel Ministerio de Salud de la provincia, a trav\u00e9s de la\u00a0Direcci\u00f3n de Control Integral de Vectores y Zoonosis, ha decidido<\/p>\n","protected":false},"author":1,"featured_media":28872,"comment_status":"closed","ping_status":"closed","sticky":false,"template":"","format":"standard","meta":{"footnotes":"","jetpack_publicize_message":"","jetpack_publicize_feature_enabled":true,"jetpack_social_post_already_shared":true,"jetpack_social_options":{"image_generator_settings":{"template":"highway","enabled":false},"version":2}},"categories":[3],"tags":[],"class_list":["post-28871","post","type-post","status-publish","format-standard","has-post-thumbnail","hentry","category-sociedad"],"jetpack_publicize_connections":[],"_links":{"self":[{"href":"https:\/\/diariorepublica.com.ar\/web\/index.php\/wp-json\/wp\/v2\/posts\/28871"}],"collection":[{"href":"https:\/\/diariorepublica.com.ar\/web\/index.php\/wp-json\/wp\/v2\/posts"}],"about":[{"href":"https:\/\/diariorepublica.com.ar\/web\/index.php\/wp-json\/wp\/v2\/types\/post"}],"author":[{"embeddable":true,"href":"https:\/\/diariorepublica.com.ar\/web\/index.php\/wp-json\/wp\/v2\/users\/1"}],"replies":[{"embeddable":true,"href":"https:\/\/diariorepublica.com.ar\/web\/index.php\/wp-json\/wp\/v2\/comments?post=28871"}],"version-history":[{"count":1,"href":"https:\/\/diariorepublica.com.ar\/web\/index.php\/wp-json\/wp\/v2\/posts\/28871\/revisions"}],"predecessor-version":[{"id":28873,"href":"https:\/\/diariorepublica.com.ar\/web\/index.php\/wp-json\/wp\/v2\/posts\/28871\/revisions\/28873"}],"wp:featuredmedia":[{"embeddable":true,"href":"https:\/\/diariorepublica.com.ar\/web\/index.php\/wp-json\/wp\/v2\/media\/28872"}],"wp:attachment":[{"href":"https:\/\/diariorepublica.com.ar\/web\/index.php\/wp-json\/wp\/v2\/media?parent=28871"}],"wp:term":[{"taxonomy":"category","embeddable":true,"href":"https:\/\/diariorepublica.com.ar\/web\/index.php\/wp-json\/wp\/v2\/categories?post=28871"},{"taxonomy":"post_tag","embeddable":true,"href":"https:\/\/diariorepublica.com.ar\/web\/index.php\/wp-json\/wp\/v2\/tags?post=28871"}],"curies":[{"name":"wp","href":"https:\/\/api.w.org\/{rel}","templated":true}]}}