{"id":28886,"date":"2026-01-26T11:23:00","date_gmt":"2026-01-26T14:23:00","guid":{"rendered":"https:\/\/diariorepublica.com.ar\/web\/?p=28886"},"modified":"2026-01-26T17:24:40","modified_gmt":"2026-01-26T20:24:40","slug":"gobierno-incorporo-el-regimen-penal-juvenil-en-extraordinarias-y-analiza-sumar-otros-temas","status":"publish","type":"post","link":"https:\/\/diariorepublica.com.ar\/web\/index.php\/politica\/2026\/01\/26\/gobierno-incorporo-el-regimen-penal-juvenil-en-extraordinarias-y-analiza-sumar-otros-temas\/","title":{"rendered":"Gobierno incorpor\u00f3 el R\u00e9gimen Penal Juvenil en extraordinarias y analiza sumar otros temas"},"content":{"rendered":"<article class=\"article-body article-body--first-paragraph content-protected-false\" data-td-script-src=\"https:\/\/www.ambito.com\/td\/modulos\/encuestas\/js\/function-embeds-min-version-1769400423.js\">\n<p data-start=\"543\" data-end=\"881\">A d\u00edas de que arranque el debate parlamentario, la\u00a0<strong>mesa pol\u00edtica del Gobierno se reuni\u00f3 en Casa Rosada con el objetivo de ajustar la\u00a0estrategia legislativa\u00a0de cara a la\u00a0reforma laboral.<\/strong>\u00a0El encuentro busc\u00f3 ordenar el frente interno y afinar el poroteo en un Congreso donde cada iniciativa exige una negociaci\u00f3n precisa.<\/p>\n<\/article>\n<article class=\"article-body article-body--second-paragraph content-protected-false\">\n<p data-start=\"1216\" data-end=\"1523\">Adem\u00e1s de la cuesti\u00f3n laboral,\u00a0<strong>durante el encuentro se resolvi\u00f3 la ampliaci\u00f3n del temario de las sesiones extraordinarias.<\/strong>\u00a0La decisi\u00f3n implica sumar nuevos proyectos al debate parlamentario, en una se\u00f1al de que el Gobierno busca aprovechar el per\u00edodo para avanzar con iniciativas que considera prioritarias.<\/p>\n<article class=\"article-body article-body--third-paragraph content-protected-false\">\n<p data-start=\"1525\" data-end=\"1820\">Entre los temas que se incorporan figura la\u00a0<strong>ley Penal Juvenil<\/strong>, una discusi\u00f3n sensible que vuelve a escena y que promete generar fuertes cruces en el Congreso. La ampliaci\u00f3n del temario agrega presi\u00f3n a una agenda ya cargada y obliga al oficialismo a dosificar esfuerzos para no dispersar apoyos.<\/p>\n<\/article>\n<article class=\"article-body article-body--fourth-paragraph content-protected-false\">\n<p data-start=\"883\" data-end=\"1200\">Durante la ma\u00f1ana, la mesa pol\u00edtica comenz\u00f3 a tomar forma en Casa Rosada con la presencia de los principales referentes del oficialismo.\u00a0<strong>Manuel Adorni\u00a0<\/strong>fue uno de los primeros en llegar, seguido por el ministro del Interior,\u00a0<strong>Diego Santilli<\/strong>. Con el correr del encuentro se sumaron el asesor presidencial\u00a0<strong>Santiago Caputo<\/strong>, el titular de la C\u00e1mara de Diputados,\u00a0<strong>Mart\u00edn Menem<\/strong>, y la jefa del bloque de La Libertad Avanza en el Senado,\u00a0<strong>Patricia Bullrich<\/strong>.<\/p>\n<\/article>\n<article class=\"article-body article-body--fifth-paragraph content-protected-false\">\n<p data-start=\"883\" data-end=\"1200\">Tambi\u00e9n participaron la secretaria general de la Presidencia,\u00a0<strong>Karina Milei<\/strong>, en una se\u00f1al de respaldo pol\u00edtico al armado de la estrategia. El ministro de Econom\u00eda,\u00a0<strong>Luis Caputo<\/strong>, asisti\u00f3 de manera puntual a la reuni\u00f3n, mientras que complet\u00f3 la n\u00f3mina el secretario de Asuntos Estrat\u00e9gicos de la Jefatura de Gabinete,\u00a0<strong>Ignacio Devitt<\/strong>.<\/p>\n<p class=\"\" data-mrf-recirculation=\"Links inline\">A trav\u00e9s de su cuenta de X, el jefe de Gabinete,<strong>\u00a0Manuel Adorni<\/strong>, hizo anuncio: \u00abReunidos en Casa Rosada desde temprano.\u00a0<strong>La Ley Penal Juvenil tambi\u00e9n formar\u00e1 parte del temario de las sesiones extraordinarias<\/strong>.<strong>\u00a0Fin\u00bb.<\/strong><\/p>\n<p data-start=\"71\" data-end=\"515\">Fuentes con participaci\u00f3n en el encuentro se\u00f1alaron que\u00a0<strong>no se descarta sumar nuevos proyectos para ampliar el temario de las sesiones extraordinarias<\/strong>, que hasta el momento incluye la reforma laboral, la Ley de Glaciares, el acuerdo Mercosur\u2013Uni\u00f3n Europea y la designaci\u00f3n del legislador del PRO Fernando Iglesias como embajador extraordinario y plenipotenciario, conforme a lo establecido en la Ley del Servicio Exterior de la Naci\u00f3n N\u00ba 20.957.<\/p>\n<div id=\"embed6500_wrap\" class=\"embed_cont type_freetext\" contenteditable=\"false\" data-provider=\"Twitter\">\n<div id=\"embed6500_content\" class=\"embed_content\">\n<div id=\"embed6500_embed\">\n<div class=\"twitter-tweet twitter-tweet-rendered\"><iframe id=\"twitter-widget-0\" class=\"\" title=\"X Post\" src=\"https:\/\/platform.twitter.com\/embed\/Tweet.html?creatorScreenName=Ambitocom&amp;dnt=false&amp;embedId=twitter-widget-0&amp;features=eyJ0ZndfdGltZWxpbmVfbGlzdCI6eyJidWNrZXQiOltdLCJ2ZXJzaW9uIjpudWxsfSwidGZ3X2ZvbGxvd2VyX2NvdW50X3N1bnNldCI6eyJidWNrZXQiOnRydWUsInZlcnNpb24iOm51bGx9LCJ0ZndfdHdlZXRfZWRpdF9iYWNrZW5kIjp7ImJ1Y2tldCI6Im9uIiwidmVyc2lvbiI6bnVsbH0sInRmd19yZWZzcmNfc2Vzc2lvbiI6eyJidWNrZXQiOiJvbiIsInZlcnNpb24iOm51bGx9LCJ0ZndfZm9zbnJfc29mdF9pbnRlcnZlbnRpb25zX2VuYWJsZWQiOnsiYnVja2V0Ijoib24iLCJ2ZXJzaW9uIjpudWxsfSwidGZ3X21peGVkX21lZGlhXzE1ODk3Ijp7ImJ1Y2tldCI6InRyZWF0bWVudCIsInZlcnNpb24iOm51bGx9LCJ0ZndfZXhwZXJpbWVudHNfY29va2llX2V4cGlyYXRpb24iOnsiYnVja2V0IjoxMjA5NjAwLCJ2ZXJzaW9uIjpudWxsfSwidGZ3X3Nob3dfYmlyZHdhdGNoX3Bpdm90c19lbmFibGVkIjp7ImJ1Y2tldCI6Im9uIiwidmVyc2lvbiI6bnVsbH0sInRmd19kdXBsaWNhdGVfc2NyaWJlc190b19zZXR0aW5ncyI6eyJidWNrZXQiOiJvbiIsInZlcnNpb24iOm51bGx9LCJ0ZndfdXNlX3Byb2ZpbGVfaW1hZ2Vfc2hhcGVfZW5hYmxlZCI6eyJidWNrZXQiOiJvbiIsInZlcnNpb24iOm51bGx9LCJ0ZndfdmlkZW9faGxzX2R5bmFtaWNfbWFuaWZlc3RzXzE1MDgyIjp7ImJ1Y2tldCI6InRydWVfYml0cmF0ZSIsInZlcnNpb24iOm51bGx9LCJ0ZndfbGVnYWN5X3RpbWVsaW5lX3N1bnNldCI6eyJidWNrZXQiOnRydWUsInZlcnNpb24iOm51bGx9LCJ0ZndfdHdlZXRfZWRpdF9mcm9udGVuZCI6eyJidWNrZXQiOiJvbiIsInZlcnNpb24iOm51bGx9fQ%3D%3D&amp;frame=false&amp;hideCard=false&amp;hideThread=false&amp;id=2015784784317043176&amp;lang=es&amp;origin=https%3A%2F%2Fwww.ambito.com%2Fpolitica%2Fel-gobierno-reune-su-mesa-blindar-la-reforma-laboral-n6238610&amp;sessionId=398dba68208d72f7e70b372fa569cca58ed41b36&amp;siteScreenName=Ambitocom&amp;theme=light&amp;widgetsVersion=2615f7e52b7e0%3A1702314776716&amp;width=550px\" frameborder=\"0\" scrolling=\"no\" allowfullscreen=\"allowfullscreen\" data-gtm-yt-inspected-8=\"true\" data-tweet-id=\"2015784784317043176\" data-mce-fragment=\"1\"><\/iframe><\/div>\n<\/div>\n<\/div>\n<\/div>\n<\/article>\n<\/article>\n\n\n<p>ambito.com<\/p>\n","protected":false},"excerpt":{"rendered":"<p>A d\u00edas de que arranque el debate parlamentario, la\u00a0mesa pol\u00edtica del Gobierno se reuni\u00f3 en Casa Rosada con el objetivo<\/p>\n","protected":false},"author":1,"featured_media":28887,"comment_status":"closed","ping_status":"closed","sticky":false,"template":"","format":"standard","meta":{"footnotes":"","jetpack_publicize_message":"","jetpack_publicize_feature_enabled":true,"jetpack_social_post_already_shared":true,"jetpack_social_options":{"image_generator_settings":{"template":"highway","enabled":false},"version":2}},"categories":[12],"tags":[],"class_list":["post-28886","post","type-post","status-publish","format-standard","has-post-thumbnail","hentry","category-politica"],"jetpack_publicize_connections":[],"_links":{"self":[{"href":"https:\/\/diariorepublica.com.ar\/web\/index.php\/wp-json\/wp\/v2\/posts\/28886"}],"collection":[{"href":"https:\/\/diariorepublica.com.ar\/web\/index.php\/wp-json\/wp\/v2\/posts"}],"about":[{"href":"https:\/\/diariorepublica.com.ar\/web\/index.php\/wp-json\/wp\/v2\/types\/post"}],"author":[{"embeddable":true,"href":"https:\/\/diariorepublica.com.ar\/web\/index.php\/wp-json\/wp\/v2\/users\/1"}],"replies":[{"embeddable":true,"href":"https:\/\/diariorepublica.com.ar\/web\/index.php\/wp-json\/wp\/v2\/comments?post=28886"}],"version-history":[{"count":1,"href":"https:\/\/diariorepublica.com.ar\/web\/index.php\/wp-json\/wp\/v2\/posts\/28886\/revisions"}],"predecessor-version":[{"id":28888,"href":"https:\/\/diariorepublica.com.ar\/web\/index.php\/wp-json\/wp\/v2\/posts\/28886\/revisions\/28888"}],"wp:featuredmedia":[{"embeddable":true,"href":"https:\/\/diariorepublica.com.ar\/web\/index.php\/wp-json\/wp\/v2\/media\/28887"}],"wp:attachment":[{"href":"https:\/\/diariorepublica.com.ar\/web\/index.php\/wp-json\/wp\/v2\/media?parent=28886"}],"wp:term":[{"taxonomy":"category","embeddable":true,"href":"https:\/\/diariorepublica.com.ar\/web\/index.php\/wp-json\/wp\/v2\/categories?post=28886"},{"taxonomy":"post_tag","embeddable":true,"href":"https:\/\/diariorepublica.com.ar\/web\/index.php\/wp-json\/wp\/v2\/tags?post=28886"}],"curies":[{"name":"wp","href":"https:\/\/api.w.org\/{rel}","templated":true}]}}