{"id":28898,"date":"2026-01-26T23:28:00","date_gmt":"2026-01-27T02:28:00","guid":{"rendered":"https:\/\/diariorepublica.com.ar\/web\/?p=28898"},"modified":"2026-01-26T17:30:07","modified_gmt":"2026-01-26T20:30:07","slug":"newells-vs-independiente-este-martes-desde-las-2215","status":"publish","type":"post","link":"https:\/\/diariorepublica.com.ar\/web\/index.php\/deportes\/2026\/01\/26\/newells-vs-independiente-este-martes-desde-las-2215\/","title":{"rendered":"Newell\u2019s vs. Independiente, este martes desde las 22:15"},"content":{"rendered":"<p><b>Newell\u2019s e Independiente jugar\u00e1n este martes desde las 22.15 en el Estadio Coloso Marcelo Bielsa, por la segunda fecha del Torneo Apertura<\/b>. Tras una derrota que agu\u00f3 el debut de la dupla conformada por Favio Orsi y Sergio G\u00f3mez, la Lepra va por el triunfo frente al conjunto de Avellaneda, que dej\u00f3 escapar la ventaja y no pudo vencer a Estudiantes.<\/p>\n<p>Plagado de caras nuevas, el cuadro rosarino no pudo con Talleres y cay\u00f3 por 2 a 1 en C\u00f3rdoba en un duelo que signific\u00f3 el debut de ocho futbolistas (entre los que destacan Gabriel Arias, Mat\u00edas C\u00f3ccaro y el autor del gol leproso, Walter N\u00fa\u00f1ez) y de la dupla que entrena al equipo. A pesar de perder el encuentro, quedaron ciertas sensaciones positivas del inicio del ciclo, que tendr\u00e1 como objetivo mejorar el p\u00e9simo 2025 del club, que vivi\u00f3 incertidumbre institucional y sali\u00f3 \u00faltimo en su zona del Clausura. No estar\u00e1 disponible Bruno Cabrera, que fue expulsado por doble amarilla a los 61\u00b4.<\/p>\n<p>Por su parte, el Rojo hab\u00eda comenzado bien su cotejo contra el \u00faltimo campe\u00f3n, llegando a adelantarse con un tanto de Luciano Cabral a los 45\u00b4, sin embargo, dos desatenciones puntuales le amargaron la jornada: el empate de Fabricio P\u00e9rez a los 14 segundos del segundo tiempo y la infantil expulsi\u00f3n a Santiago Montiel por una agresi\u00f3n a Leandro Gonz\u00e1lez P\u00edrez. El partido tendr\u00e1 un condimento especial para Ignacio Malcorra, que enfrentar\u00e1 al que fue su cl\u00e1sico rival durante los pasados cuatro a\u00f1os.<\/p>\n<ul>\n<li>Hora: 22.15<\/li>\n<li>TV: TNT Sports Premium<\/li>\n<li>\u00c1rbitro: Daniel Zamora<\/li>\n<li>VAR: Sebastian Habib<\/li>\n<li>Estadio: Coloso Marcelo Bielsa<\/li>\n<\/ul>\n<p>tycsports.com<\/p>\n","protected":false},"excerpt":{"rendered":"<p>Newell\u2019s e Independiente jugar\u00e1n este martes desde las 22.15 en el Estadio Coloso Marcelo Bielsa, por la segunda fecha del<\/p>\n","protected":false},"author":1,"featured_media":28899,"comment_status":"closed","ping_status":"closed","sticky":false,"template":"","format":"standard","meta":{"footnotes":"","jetpack_publicize_message":"","jetpack_publicize_feature_enabled":true,"jetpack_social_post_already_shared":true,"jetpack_social_options":{"image_generator_settings":{"template":"highway","enabled":false},"version":2}},"categories":[9],"tags":[],"class_list":["post-28898","post","type-post","status-publish","format-standard","has-post-thumbnail","hentry","category-deportes"],"jetpack_publicize_connections":[],"_links":{"self":[{"href":"https:\/\/diariorepublica.com.ar\/web\/index.php\/wp-json\/wp\/v2\/posts\/28898"}],"collection":[{"href":"https:\/\/diariorepublica.com.ar\/web\/index.php\/wp-json\/wp\/v2\/posts"}],"about":[{"href":"https:\/\/diariorepublica.com.ar\/web\/index.php\/wp-json\/wp\/v2\/types\/post"}],"author":[{"embeddable":true,"href":"https:\/\/diariorepublica.com.ar\/web\/index.php\/wp-json\/wp\/v2\/users\/1"}],"replies":[{"embeddable":true,"href":"https:\/\/diariorepublica.com.ar\/web\/index.php\/wp-json\/wp\/v2\/comments?post=28898"}],"version-history":[{"count":1,"href":"https:\/\/diariorepublica.com.ar\/web\/index.php\/wp-json\/wp\/v2\/posts\/28898\/revisions"}],"predecessor-version":[{"id":28900,"href":"https:\/\/diariorepublica.com.ar\/web\/index.php\/wp-json\/wp\/v2\/posts\/28898\/revisions\/28900"}],"wp:featuredmedia":[{"embeddable":true,"href":"https:\/\/diariorepublica.com.ar\/web\/index.php\/wp-json\/wp\/v2\/media\/28899"}],"wp:attachment":[{"href":"https:\/\/diariorepublica.com.ar\/web\/index.php\/wp-json\/wp\/v2\/media?parent=28898"}],"wp:term":[{"taxonomy":"category","embeddable":true,"href":"https:\/\/diariorepublica.com.ar\/web\/index.php\/wp-json\/wp\/v2\/categories?post=28898"},{"taxonomy":"post_tag","embeddable":true,"href":"https:\/\/diariorepublica.com.ar\/web\/index.php\/wp-json\/wp\/v2\/tags?post=28898"}],"curies":[{"name":"wp","href":"https:\/\/api.w.org\/{rel}","templated":true}]}}