{"id":28901,"date":"2026-01-26T23:30:00","date_gmt":"2026-01-27T02:30:00","guid":{"rendered":"https:\/\/diariorepublica.com.ar\/web\/?p=28901"},"modified":"2026-01-26T17:31:37","modified_gmt":"2026-01-26T20:31:37","slug":"atletico-tucuman-vs-central-cordoba-este-martes-desde-las-2215","status":"publish","type":"post","link":"https:\/\/diariorepublica.com.ar\/web\/index.php\/deportes\/2026\/01\/26\/atletico-tucuman-vs-central-cordoba-este-martes-desde-las-2215\/","title":{"rendered":"Atl\u00e9tico Tucum\u00e1n vs. Central C\u00f3rdoba, este martes desde las 22:15"},"content":{"rendered":"<p><b>Atl\u00e9tico Tucum\u00e1n y Central C\u00f3rdoba jugar\u00e1n este martes desde las 22.15 en el Estadio Monumental Jos\u00e9 Fierro, por el duelo interzonal de la segunda fecha del Torneo Apertura<\/b>. Los dos equipos norte\u00f1os buscar\u00e1n su primera victoria en el torneo, luego de que ambos perdieran su debut contra sus pares mendocinos.<\/p>\n<p>El elenco dirigido por Hugo Colace viene de caer con Independiente Rivadavia en un partido que se demor\u00f3 por una fuerte tormenta que provoc\u00f3 un corte de luz. El duelo finaliz\u00f3 con pol\u00e9mica luego de que Alejo Osella convirtiera un gol fantasma que marc\u00f3 el 2 a 1 final en el marcador, sin un \u00e1ngulo claro que muestre que la pelota hab\u00eda ingresado en su totalidad. Con esa ca\u00edda,\u00a0el Decano cumpli\u00f3 un a\u00f1o sin ganar en condici\u00f3n de visitante.<\/p>\n<p>El Ferroviario tampoco pudo sumar en la primera jornada y cay\u00f3 por la m\u00ednima frente al reci\u00e9n ascendido Gimnasia de Mendoza en el Estadio Madre de Ciudades, en un cruce que signific\u00f3 el inicio del ciclo de Lucas Pusineri como director t\u00e9cnico del conjunto del Oeste. Si bien se hab\u00eda malacostumbrado a un 2025 de grandes inicios ligueros, lo cierto es que el nuevo entrenador explic\u00f3 en conferencia de prensa que cuentan con \u201cpoco tiempo de trabajo\u201d y que este fue \u201cel primer partido en el que pudo evaluar c\u00f3mo compiten sus futbolistas\u201d.<\/p>\n<ul>\n<li>Hora: 22.15<\/li>\n<li>TV: ESPN Premium<\/li>\n<li>\u00c1rbitro: Andr\u00e9s Gariano<\/li>\n<li>VAR: \u00c1lvaro Carranza<\/li>\n<li>Estadio: Monumental Jos\u00e9 Fierro<\/li>\n<\/ul>\n<p>tycsports.com<\/p>\n","protected":false},"excerpt":{"rendered":"<p>Atl\u00e9tico Tucum\u00e1n y Central C\u00f3rdoba jugar\u00e1n este martes desde las 22.15 en el Estadio Monumental Jos\u00e9 Fierro, por el duelo<\/p>\n","protected":false},"author":1,"featured_media":28902,"comment_status":"closed","ping_status":"closed","sticky":false,"template":"","format":"standard","meta":{"footnotes":"","jetpack_publicize_message":"","jetpack_publicize_feature_enabled":true,"jetpack_social_post_already_shared":true,"jetpack_social_options":{"image_generator_settings":{"template":"highway","enabled":false},"version":2}},"categories":[9],"tags":[],"class_list":["post-28901","post","type-post","status-publish","format-standard","has-post-thumbnail","hentry","category-deportes"],"jetpack_publicize_connections":[],"_links":{"self":[{"href":"https:\/\/diariorepublica.com.ar\/web\/index.php\/wp-json\/wp\/v2\/posts\/28901"}],"collection":[{"href":"https:\/\/diariorepublica.com.ar\/web\/index.php\/wp-json\/wp\/v2\/posts"}],"about":[{"href":"https:\/\/diariorepublica.com.ar\/web\/index.php\/wp-json\/wp\/v2\/types\/post"}],"author":[{"embeddable":true,"href":"https:\/\/diariorepublica.com.ar\/web\/index.php\/wp-json\/wp\/v2\/users\/1"}],"replies":[{"embeddable":true,"href":"https:\/\/diariorepublica.com.ar\/web\/index.php\/wp-json\/wp\/v2\/comments?post=28901"}],"version-history":[{"count":1,"href":"https:\/\/diariorepublica.com.ar\/web\/index.php\/wp-json\/wp\/v2\/posts\/28901\/revisions"}],"predecessor-version":[{"id":28903,"href":"https:\/\/diariorepublica.com.ar\/web\/index.php\/wp-json\/wp\/v2\/posts\/28901\/revisions\/28903"}],"wp:featuredmedia":[{"embeddable":true,"href":"https:\/\/diariorepublica.com.ar\/web\/index.php\/wp-json\/wp\/v2\/media\/28902"}],"wp:attachment":[{"href":"https:\/\/diariorepublica.com.ar\/web\/index.php\/wp-json\/wp\/v2\/media?parent=28901"}],"wp:term":[{"taxonomy":"category","embeddable":true,"href":"https:\/\/diariorepublica.com.ar\/web\/index.php\/wp-json\/wp\/v2\/categories?post=28901"},{"taxonomy":"post_tag","embeddable":true,"href":"https:\/\/diariorepublica.com.ar\/web\/index.php\/wp-json\/wp\/v2\/tags?post=28901"}],"curies":[{"name":"wp","href":"https:\/\/api.w.org\/{rel}","templated":true}]}}