{"id":28925,"date":"2026-01-27T14:17:00","date_gmt":"2026-01-27T17:17:00","guid":{"rendered":"https:\/\/diariorepublica.com.ar\/web\/?p=28925"},"modified":"2026-01-27T17:19:46","modified_gmt":"2026-01-27T20:19:46","slug":"fecha-de-pago-para-la-administracion-publica-2","status":"publish","type":"post","link":"https:\/\/diariorepublica.com.ar\/web\/index.php\/locales\/2026\/01\/27\/fecha-de-pago-para-la-administracion-publica-2\/","title":{"rendered":"Fecha de pago para la Administraci\u00f3n P\u00fablica"},"content":{"rendered":"<p>El\u00a0<strong>Ministerio de Hacienda y Obra P\u00fablica<\/strong>\u00a0ha oficializado el cronograma de pagos para los agentes del Estado provincial. La medida establece las fechas exactas en las que se acreditar\u00e1n los salarios, brindando previsibilidad a miles de trabajadores de los diferentes sectores gubernamentales.<\/p>\n<p>El esquema de dep\u00f3sitos dise\u00f1ado por la cartera econ\u00f3mica provincial se ejecutar\u00e1 de forma desdoblada durante la primera semana del mes de febrero, quedando definido de la siguiente manera:<\/p>\n<ul>\n<li><strong>Jueves 5 de febrero:<\/strong>\u00a0percibir\u00e1n sus haberes los agentes del sector\u00a0<strong>Docente<\/strong>.<\/li>\n<li><strong>Viernes 6 de febrero:<\/strong>\u00a0se completar\u00e1 el pago para los\u00a0<strong>Organismos de la Administraci\u00f3n P\u00fablica provincial<\/strong>.<\/li>\n<\/ul>\n","protected":false},"excerpt":{"rendered":"<p>El\u00a0Ministerio de Hacienda y Obra P\u00fablica\u00a0ha oficializado el cronograma de pagos para los agentes del Estado provincial. La medida establece<\/p>\n","protected":false},"author":1,"featured_media":28926,"comment_status":"closed","ping_status":"closed","sticky":false,"template":"","format":"standard","meta":{"footnotes":"","jetpack_publicize_message":"","jetpack_publicize_feature_enabled":true,"jetpack_social_post_already_shared":true,"jetpack_social_options":{"image_generator_settings":{"template":"highway","enabled":false},"version":2}},"categories":[2],"tags":[],"class_list":["post-28925","post","type-post","status-publish","format-standard","has-post-thumbnail","hentry","category-locales"],"jetpack_publicize_connections":[],"_links":{"self":[{"href":"https:\/\/diariorepublica.com.ar\/web\/index.php\/wp-json\/wp\/v2\/posts\/28925"}],"collection":[{"href":"https:\/\/diariorepublica.com.ar\/web\/index.php\/wp-json\/wp\/v2\/posts"}],"about":[{"href":"https:\/\/diariorepublica.com.ar\/web\/index.php\/wp-json\/wp\/v2\/types\/post"}],"author":[{"embeddable":true,"href":"https:\/\/diariorepublica.com.ar\/web\/index.php\/wp-json\/wp\/v2\/users\/1"}],"replies":[{"embeddable":true,"href":"https:\/\/diariorepublica.com.ar\/web\/index.php\/wp-json\/wp\/v2\/comments?post=28925"}],"version-history":[{"count":1,"href":"https:\/\/diariorepublica.com.ar\/web\/index.php\/wp-json\/wp\/v2\/posts\/28925\/revisions"}],"predecessor-version":[{"id":28927,"href":"https:\/\/diariorepublica.com.ar\/web\/index.php\/wp-json\/wp\/v2\/posts\/28925\/revisions\/28927"}],"wp:featuredmedia":[{"embeddable":true,"href":"https:\/\/diariorepublica.com.ar\/web\/index.php\/wp-json\/wp\/v2\/media\/28926"}],"wp:attachment":[{"href":"https:\/\/diariorepublica.com.ar\/web\/index.php\/wp-json\/wp\/v2\/media?parent=28925"}],"wp:term":[{"taxonomy":"category","embeddable":true,"href":"https:\/\/diariorepublica.com.ar\/web\/index.php\/wp-json\/wp\/v2\/categories?post=28925"},{"taxonomy":"post_tag","embeddable":true,"href":"https:\/\/diariorepublica.com.ar\/web\/index.php\/wp-json\/wp\/v2\/tags?post=28925"}],"curies":[{"name":"wp","href":"https:\/\/api.w.org\/{rel}","templated":true}]}}