{"id":28928,"date":"2026-01-27T15:20:00","date_gmt":"2026-01-27T18:20:00","guid":{"rendered":"https:\/\/diariorepublica.com.ar\/web\/?p=28928"},"modified":"2026-01-27T17:21:07","modified_gmt":"2026-01-27T20:21:07","slug":"coordinan-obras-viales-para-el-oeste-provincial","status":"publish","type":"post","link":"https:\/\/diariorepublica.com.ar\/web\/index.php\/sociedad\/2026\/01\/27\/coordinan-obras-viales-para-el-oeste-provincial\/","title":{"rendered":"Coordinan obras viales para el Oeste provincial"},"content":{"rendered":"<p>El director Provincial de Vialidad, Fernando Castillo, mantuvo reuniones de trabajo con intendentes del oeste provincial con el objetivo de coordinar e iniciar la ejecuci\u00f3n de importantes obras viales que mejorar\u00e1n la conectividad y la infraestructura en la regi\u00f3n.<\/p>\n<p>En primer t\u00e9rmino, se reuni\u00f3 con el intendente de Pom\u00e1n, Francisco Gordillo, para avanzar en el inicio de los trabajos de construcci\u00f3n y mejora de badenes sobre la Ruta Provincial N\u00b0 14, v\u00eda que conecta las localidades de Pom\u00e1n con Concepci\u00f3n de Capay\u00e1n. Se trata de mejoras en una obra vial estrat\u00e9gica que recorre un trazado de monta\u00f1a, fundamental para fortalecer la integraci\u00f3n territorial, reducir tiempos de viaje y potenciar el desarrollo tur\u00edstico y productivo de ambas regiones.<\/p>\n<p>Asimismo, el titular de Vialidad Provincial mantuvo un encuentro con el intendente de Saujil, Enzo Carrizo, donde se acord\u00f3 la mejora y ejecuci\u00f3n de badenes en los caminos que conectan con la localidad de Rinc\u00f3n.<\/p>\n<p>En la reuni\u00f3n tambi\u00e9n se defini\u00f3 para el mes de febrero, el inicio de los trabajos de asfaltado en la zona urbana de Saujil, una obra que permitir\u00e1 optimizar la transitabilidad y mejorar la calidad de vida de los vecinos.<\/p>\n<p>Desde la Direcci\u00f3n Provincial de Vialidad se contin\u00faa trabajando de manera articulada con los municipios para impulsar obras que fortalezcan la conectividad, la seguridad vial y el desarrollo del interior provincial.<\/p>\n","protected":false},"excerpt":{"rendered":"<p>El director Provincial de Vialidad, Fernando Castillo, mantuvo reuniones de trabajo con intendentes del oeste provincial con el objetivo de<\/p>\n","protected":false},"author":1,"featured_media":28929,"comment_status":"closed","ping_status":"closed","sticky":false,"template":"","format":"standard","meta":{"footnotes":"","jetpack_publicize_message":"","jetpack_publicize_feature_enabled":true,"jetpack_social_post_already_shared":true,"jetpack_social_options":{"image_generator_settings":{"template":"highway","enabled":false},"version":2}},"categories":[3],"tags":[],"class_list":["post-28928","post","type-post","status-publish","format-standard","has-post-thumbnail","hentry","category-sociedad"],"jetpack_publicize_connections":[],"_links":{"self":[{"href":"https:\/\/diariorepublica.com.ar\/web\/index.php\/wp-json\/wp\/v2\/posts\/28928"}],"collection":[{"href":"https:\/\/diariorepublica.com.ar\/web\/index.php\/wp-json\/wp\/v2\/posts"}],"about":[{"href":"https:\/\/diariorepublica.com.ar\/web\/index.php\/wp-json\/wp\/v2\/types\/post"}],"author":[{"embeddable":true,"href":"https:\/\/diariorepublica.com.ar\/web\/index.php\/wp-json\/wp\/v2\/users\/1"}],"replies":[{"embeddable":true,"href":"https:\/\/diariorepublica.com.ar\/web\/index.php\/wp-json\/wp\/v2\/comments?post=28928"}],"version-history":[{"count":1,"href":"https:\/\/diariorepublica.com.ar\/web\/index.php\/wp-json\/wp\/v2\/posts\/28928\/revisions"}],"predecessor-version":[{"id":28930,"href":"https:\/\/diariorepublica.com.ar\/web\/index.php\/wp-json\/wp\/v2\/posts\/28928\/revisions\/28930"}],"wp:featuredmedia":[{"embeddable":true,"href":"https:\/\/diariorepublica.com.ar\/web\/index.php\/wp-json\/wp\/v2\/media\/28929"}],"wp:attachment":[{"href":"https:\/\/diariorepublica.com.ar\/web\/index.php\/wp-json\/wp\/v2\/media?parent=28928"}],"wp:term":[{"taxonomy":"category","embeddable":true,"href":"https:\/\/diariorepublica.com.ar\/web\/index.php\/wp-json\/wp\/v2\/categories?post=28928"},{"taxonomy":"post_tag","embeddable":true,"href":"https:\/\/diariorepublica.com.ar\/web\/index.php\/wp-json\/wp\/v2\/tags?post=28928"}],"curies":[{"name":"wp","href":"https:\/\/api.w.org\/{rel}","templated":true}]}}