{"id":28931,"date":"2026-01-27T17:23:15","date_gmt":"2026-01-27T20:23:15","guid":{"rendered":"https:\/\/diariorepublica.com.ar\/web\/?p=28931"},"modified":"2026-01-27T17:23:18","modified_gmt":"2026-01-27T20:23:18","slug":"gobernadores-patagonicos-pidieron-al-congreso-el-tratamiento-urgente-de-la-ley-de-emergencia-ignea","status":"publish","type":"post","link":"https:\/\/diariorepublica.com.ar\/web\/index.php\/politica\/2026\/01\/27\/gobernadores-patagonicos-pidieron-al-congreso-el-tratamiento-urgente-de-la-ley-de-emergencia-ignea\/","title":{"rendered":"Gobernadores patag\u00f3nicos pidieron al Congreso el tratamiento \u201curgente\u00bb de la ley de Emergencia \u00cdgnea"},"content":{"rendered":"<p>Los gobernadores de R\u00edo Negro, Chubut, La Pampa, Neuqu\u00e9n y Santa Cruz solicitaron este martes al Congresoque trate con car\u00e1cter \u201curgente\u201d la ley de Emergencia \u00cdgnea en el marco de las sesiones extraordinarias, tras una reuni\u00f3n de trabajo realizada de manera virtual.<\/p>\n<p>Del encuentro participaron los gobernadores de R\u00edo Negro,\u00a0<strong>Alberto Weretilneck<\/strong>; de Chubut,\u00a0<strong>Ignacio Torres<\/strong>; de La Pampa,\u00a0<strong>Sergio Ziliotto<\/strong>; de Neuqu\u00e9n,<strong>\u00a0Rolando Figueroa<\/strong>; y de Santa Cruz,\u00a0<strong>Claudio Vidal<\/strong>.<\/p>\n<p>Durante la reuni\u00f3n, los mandatarios coincidieron en \u201cla gravedad de la situaci\u00f3n que atraviesa la regi\u00f3n patag\u00f3nica como consecuencia de los incendios forestales registrados en los \u00faltimos meses\u201d.<\/p>\n<p>Relevaron que en ese per\u00edodo se quemaron m\u00e1s de 168.000 hect\u00e1reas en La Pampa, 45.000 en Chubut, 6.000 en Neuqu\u00e9n, adem\u00e1s de 10.000 en R\u00edo Negro y 700 en Santa Cruz, lo que eleva el total regional a casi 230.000 hect\u00e1reas afectadas.<\/p>\n<p>Destacaron el trabajo conjunto que se viene realizando con el Gobierno nacional a trav\u00e9s del Sistema Nacional del Manejo del Fuego y valoraron el despliegue operativo y la articulaci\u00f3n interjurisdiccional.<\/p>\n<p title=\"__IP__\" data-ipspy=\"__IP__\">No obstante, subrayaron que\u00a0<strong>la magnitud de los incendios y el impacto de la crisis clim\u00e1tica en la Patagonia requieren recursos y herramientas extraordinarias<\/strong>, tanto para el combate del fuego como para la asistencia a las comunidades afectadas y la recuperaci\u00f3n ambiental y productiva de las zonas damnificadas.<\/p>\n<p title=\"__IP__\" data-ipspy=\"__IP__\">NA<\/p>\n","protected":false},"excerpt":{"rendered":"<p>Los gobernadores de R\u00edo Negro, Chubut, La Pampa, Neuqu\u00e9n y Santa Cruz solicitaron este martes al Congresoque trate con car\u00e1cter<\/p>\n","protected":false},"author":1,"featured_media":28932,"comment_status":"closed","ping_status":"closed","sticky":false,"template":"","format":"standard","meta":{"footnotes":"","jetpack_publicize_message":"","jetpack_publicize_feature_enabled":true,"jetpack_social_post_already_shared":true,"jetpack_social_options":{"image_generator_settings":{"template":"highway","enabled":false},"version":2}},"categories":[12],"tags":[],"class_list":["post-28931","post","type-post","status-publish","format-standard","has-post-thumbnail","hentry","category-politica"],"jetpack_publicize_connections":[],"_links":{"self":[{"href":"https:\/\/diariorepublica.com.ar\/web\/index.php\/wp-json\/wp\/v2\/posts\/28931"}],"collection":[{"href":"https:\/\/diariorepublica.com.ar\/web\/index.php\/wp-json\/wp\/v2\/posts"}],"about":[{"href":"https:\/\/diariorepublica.com.ar\/web\/index.php\/wp-json\/wp\/v2\/types\/post"}],"author":[{"embeddable":true,"href":"https:\/\/diariorepublica.com.ar\/web\/index.php\/wp-json\/wp\/v2\/users\/1"}],"replies":[{"embeddable":true,"href":"https:\/\/diariorepublica.com.ar\/web\/index.php\/wp-json\/wp\/v2\/comments?post=28931"}],"version-history":[{"count":1,"href":"https:\/\/diariorepublica.com.ar\/web\/index.php\/wp-json\/wp\/v2\/posts\/28931\/revisions"}],"predecessor-version":[{"id":28933,"href":"https:\/\/diariorepublica.com.ar\/web\/index.php\/wp-json\/wp\/v2\/posts\/28931\/revisions\/28933"}],"wp:featuredmedia":[{"embeddable":true,"href":"https:\/\/diariorepublica.com.ar\/web\/index.php\/wp-json\/wp\/v2\/media\/28932"}],"wp:attachment":[{"href":"https:\/\/diariorepublica.com.ar\/web\/index.php\/wp-json\/wp\/v2\/media?parent=28931"}],"wp:term":[{"taxonomy":"category","embeddable":true,"href":"https:\/\/diariorepublica.com.ar\/web\/index.php\/wp-json\/wp\/v2\/categories?post=28931"},{"taxonomy":"post_tag","embeddable":true,"href":"https:\/\/diariorepublica.com.ar\/web\/index.php\/wp-json\/wp\/v2\/tags?post=28931"}],"curies":[{"name":"wp","href":"https:\/\/api.w.org\/{rel}","templated":true}]}}