{"id":28934,"date":"2026-01-27T17:26:13","date_gmt":"2026-01-27T20:26:13","guid":{"rendered":"https:\/\/diariorepublica.com.ar\/web\/?p=28934"},"modified":"2026-01-27T17:26:15","modified_gmt":"2026-01-27T20:26:15","slug":"mar-del-plata-detuvieron-a-un-hombre-por-intentar-agredir-a-javier-milei","status":"publish","type":"post","link":"https:\/\/diariorepublica.com.ar\/web\/index.php\/nacionales\/2026\/01\/27\/mar-del-plata-detuvieron-a-un-hombre-por-intentar-agredir-a-javier-milei\/","title":{"rendered":"Mar del Plata: detuvieron a un hombre por intentar agredir a Javier Milei"},"content":{"rendered":"<article class=\"article-body article-body--first-paragraph content-protected-false\" data-td-script-src=\"https:\/\/www.ambito.com\/td\/modulos\/encuestas\/js\/function-embeds-min-version-1769486818.js\">La presencia de\u00a0<strong>Javier Milei en Mar del Plata<\/strong>\u00a0contin\u00faa despertando pasiones en la ciudad, en donde las convocatorias libertarias son respondidas con manifestaciones opositoras. Este martes, en la previa de su\u00a0<strong>show con F\u00e1tima Florez\u00a0<\/strong>y de protagonizar\u00a0<strong>La<\/strong>\u00a0<strong>Derecha Fest<\/strong>, volvi\u00f3 a desencadenarse una situaci\u00f3n de tensi\u00f3n que involucr\u00f3 al propio\u00a0<strong>Presidente de la Naci\u00f3n<\/strong>.<\/p>\n<\/article>\n<article class=\"article-body article-body--second-paragraph content-protected-false\">Durante el mediod\u00eda, manifestantes oficialistas y opositores se congregaron en las afueras del\u00a0<strong>Teatro Roxy<\/strong>, al conocerse que el mandatario ensayaba un repertorio musical para cantar junto a\u00a0<strong>F\u00e1tima Florez<\/strong>, su expareja y una de las l\u00edderes de las carteleras del verano marplatense. Se aguarda que el Jefe de Estado reitere algunas de las canciones que eligi\u00f3 para el\u00a0<strong>Movistar Arena<\/strong>, en octubre del a\u00f1o pasado, entre ellas \u00ab<strong>El rock del gato\u00bb\u00a0<\/strong>de la banda Ratones Paranoicos.<\/p>\n<article class=\"article-body article-body--third-paragraph content-protected-false\">Ante la concentraci\u00f3n de gente, una decena de escoltas aguardaban por la salida de\u00a0<strong>Javier Milei<\/strong>, que r\u00e1pidamente se subi\u00f3 a una camioneta. Entre manifestaciones de apoyo y descontento, un hombre de m\u00e1s de 30 a\u00f1os golpe\u00f3 el veh\u00edculo presidencial y fue r\u00e1pidamente reducido, esposado y detenido, a la espera de la disposici\u00f3n judicial en la vereda del mismo teatro.<\/p>\n<\/article>\n<article class=\"article-body article-body--fourth-paragraph content-protected-false\">\n<p data-start=\"1647\" data-end=\"1896\">Se espera que la presencia del Presidente en el show de\u00a0<strong>F\u00e1tima Florez\u00a0<\/strong>sea en torno a las 21. Tras eso, participar\u00e1 de\u00a0<strong>La Derecha Fest\u00a0<\/strong>como principal orador despu\u00e9s de la intervenci\u00f3n de una serie de acad\u00e9micos y pol\u00edticos liberales. Seg\u00fan el cronograma previsto, <strong data-start=\"2248\" data-end=\"2311\">el Presidente partir\u00e1 de Mar del Plata pasada la medianoche<\/strong>\u00a0rumbo a la Ciudad de Buenos Aires.<\/p>\n<p data-start=\"1647\" data-end=\"1896\">ambito.com<\/p>\n<p data-start=\"1647\" data-end=\"1896\">\n<\/article>\n<\/article>\n","protected":false},"excerpt":{"rendered":"<p>La presencia de\u00a0Javier Milei en Mar del Plata\u00a0contin\u00faa despertando pasiones en la ciudad, en donde las convocatorias libertarias son respondidas<\/p>\n","protected":false},"author":1,"featured_media":28935,"comment_status":"closed","ping_status":"closed","sticky":false,"template":"","format":"standard","meta":{"footnotes":"","jetpack_publicize_message":"","jetpack_publicize_feature_enabled":true,"jetpack_social_post_already_shared":true,"jetpack_social_options":{"image_generator_settings":{"template":"highway","enabled":false},"version":2}},"categories":[4],"tags":[],"class_list":["post-28934","post","type-post","status-publish","format-standard","has-post-thumbnail","hentry","category-nacionales"],"jetpack_publicize_connections":[],"_links":{"self":[{"href":"https:\/\/diariorepublica.com.ar\/web\/index.php\/wp-json\/wp\/v2\/posts\/28934"}],"collection":[{"href":"https:\/\/diariorepublica.com.ar\/web\/index.php\/wp-json\/wp\/v2\/posts"}],"about":[{"href":"https:\/\/diariorepublica.com.ar\/web\/index.php\/wp-json\/wp\/v2\/types\/post"}],"author":[{"embeddable":true,"href":"https:\/\/diariorepublica.com.ar\/web\/index.php\/wp-json\/wp\/v2\/users\/1"}],"replies":[{"embeddable":true,"href":"https:\/\/diariorepublica.com.ar\/web\/index.php\/wp-json\/wp\/v2\/comments?post=28934"}],"version-history":[{"count":1,"href":"https:\/\/diariorepublica.com.ar\/web\/index.php\/wp-json\/wp\/v2\/posts\/28934\/revisions"}],"predecessor-version":[{"id":28936,"href":"https:\/\/diariorepublica.com.ar\/web\/index.php\/wp-json\/wp\/v2\/posts\/28934\/revisions\/28936"}],"wp:featuredmedia":[{"embeddable":true,"href":"https:\/\/diariorepublica.com.ar\/web\/index.php\/wp-json\/wp\/v2\/media\/28935"}],"wp:attachment":[{"href":"https:\/\/diariorepublica.com.ar\/web\/index.php\/wp-json\/wp\/v2\/media?parent=28934"}],"wp:term":[{"taxonomy":"category","embeddable":true,"href":"https:\/\/diariorepublica.com.ar\/web\/index.php\/wp-json\/wp\/v2\/categories?post=28934"},{"taxonomy":"post_tag","embeddable":true,"href":"https:\/\/diariorepublica.com.ar\/web\/index.php\/wp-json\/wp\/v2\/tags?post=28934"}],"curies":[{"name":"wp","href":"https:\/\/api.w.org\/{rel}","templated":true}]}}