{"id":28940,"date":"2026-01-27T17:31:34","date_gmt":"2026-01-27T20:31:34","guid":{"rendered":"https:\/\/diariorepublica.com.ar\/web\/?p=28940"},"modified":"2026-01-27T17:31:36","modified_gmt":"2026-01-27T20:31:36","slug":"nueva-alarma-en-river-franco-armani-se-volvio-a-lesionar-y-se-pierde-el-proximo-partid","status":"publish","type":"post","link":"https:\/\/diariorepublica.com.ar\/web\/index.php\/deportes\/2026\/01\/27\/nueva-alarma-en-river-franco-armani-se-volvio-a-lesionar-y-se-pierde-el-proximo-partid\/","title":{"rendered":"Nueva alarma en River: Franco Armani se volvi\u00f3 a lesionar y se pierde el pr\u00f3ximo partid"},"content":{"rendered":"<p><strong>River\u00a0encendi\u00f3 una nueva se\u00f1al de alerta<\/strong>\u00a0en el inicio del Torneo Apertura.\u00a0<strong>Franco Armani<\/strong>, que hab\u00eda dejado atr\u00e1s el desgarro en el gemelo derecho que lo margin\u00f3 de la pretemporada y del debut ante Barracas Central,\u00a0<strong>volvi\u00f3 a quedar descartado\u00a0<\/strong>para la segunda fecha frente a Gimnasia por una inflamaci\u00f3n en el tal\u00f3n de la misma pierna.\u00a0<strong>La situaci\u00f3n no solo lo deja afuera del partido de este mi\u00e9rcoles, sino que tambi\u00e9n lo pone en duda para el compromiso del domingo ante Rosario Central.<\/strong><\/p>\n<article class=\"article-body\">\n<div class=\"article-content\">\n<div class=\"news-body-paragraph\" data-twitter-link=\"\">\n<p>El cuerpo t\u00e9cnico encabezado por Marcelo Gallardo manej\u00f3 el regreso del arquero con cautela desde el comienzo del a\u00f1o. En el calendario interno, la segunda fecha aparec\u00eda marcada como el momento ideal para su vuelta. Sin embargo, esta nueva molestia alter\u00f3 los planes y oblig\u00f3 a estirar los plazos, con el foco puesto en evitar riesgos mayores en una zona sensible.<\/p>\n<\/div>\n<\/div>\n<\/article>\n<article class=\"article-body par-3\">\n<div class=\"article-content\">\n<div class=\"news-body-paragraph\" data-twitter-link=\"\">\n<p><strong>Qu\u00e9 lesi\u00f3n tiene Franco Armani y por qu\u00e9 vuelve a quedar afuera<\/strong><\/p>\n<p><strong>La inflamaci\u00f3n en el tal\u00f3n derecho se presenta como una consecuencia indirecta del desgarro previo en el gemelo<\/strong>, lesi\u00f3n que no le permiti\u00f3 al arquero completar la preparaci\u00f3n f\u00edsica junto al resto del plantel. Si bien el problema muscular hab\u00eda quedado atr\u00e1s, la sobrecarga en la misma pierna gener\u00f3 esta nueva molestia que requiere cuidados y seguimiento diario.<\/p>\n<\/div>\n<\/div>\n<\/article>\n<article class=\"article-body par-4\">\n<div class=\"article-content\">\n<div class=\"news-body-paragraph\" data-twitter-link=\"\">\n<p>A los 39 a\u00f1os, Armani atraviesa un arranque de temporada at\u00edpico. Su carrera se caracteriz\u00f3 por la regularidad f\u00edsica y una presencia casi ininterrumpida bajo los tres palos, por lo que esta seguidilla de ausencias representa una excepci\u00f3n en su trayectoria. La idea del cuerpo t\u00e9cnico es que reci\u00e9n sea reevaluado tras el partido en Rosario, con la mirada puesta en la cuarta fecha, el viernes 6, cuando River reciba a Tigre en el Monumental.<\/p>\n<\/div>\n<\/div>\n<\/article>\n","protected":false},"excerpt":{"rendered":"<p>River\u00a0encendi\u00f3 una nueva se\u00f1al de alerta\u00a0en el inicio del Torneo Apertura.\u00a0Franco Armani, que hab\u00eda dejado atr\u00e1s el desgarro en el<\/p>\n","protected":false},"author":1,"featured_media":28941,"comment_status":"closed","ping_status":"closed","sticky":false,"template":"","format":"standard","meta":{"footnotes":"","jetpack_publicize_message":"","jetpack_publicize_feature_enabled":true,"jetpack_social_post_already_shared":true,"jetpack_social_options":{"image_generator_settings":{"template":"highway","enabled":false},"version":2}},"categories":[9],"tags":[],"class_list":["post-28940","post","type-post","status-publish","format-standard","has-post-thumbnail","hentry","category-deportes"],"jetpack_publicize_connections":[],"_links":{"self":[{"href":"https:\/\/diariorepublica.com.ar\/web\/index.php\/wp-json\/wp\/v2\/posts\/28940"}],"collection":[{"href":"https:\/\/diariorepublica.com.ar\/web\/index.php\/wp-json\/wp\/v2\/posts"}],"about":[{"href":"https:\/\/diariorepublica.com.ar\/web\/index.php\/wp-json\/wp\/v2\/types\/post"}],"author":[{"embeddable":true,"href":"https:\/\/diariorepublica.com.ar\/web\/index.php\/wp-json\/wp\/v2\/users\/1"}],"replies":[{"embeddable":true,"href":"https:\/\/diariorepublica.com.ar\/web\/index.php\/wp-json\/wp\/v2\/comments?post=28940"}],"version-history":[{"count":1,"href":"https:\/\/diariorepublica.com.ar\/web\/index.php\/wp-json\/wp\/v2\/posts\/28940\/revisions"}],"predecessor-version":[{"id":28942,"href":"https:\/\/diariorepublica.com.ar\/web\/index.php\/wp-json\/wp\/v2\/posts\/28940\/revisions\/28942"}],"wp:featuredmedia":[{"embeddable":true,"href":"https:\/\/diariorepublica.com.ar\/web\/index.php\/wp-json\/wp\/v2\/media\/28941"}],"wp:attachment":[{"href":"https:\/\/diariorepublica.com.ar\/web\/index.php\/wp-json\/wp\/v2\/media?parent=28940"}],"wp:term":[{"taxonomy":"category","embeddable":true,"href":"https:\/\/diariorepublica.com.ar\/web\/index.php\/wp-json\/wp\/v2\/categories?post=28940"},{"taxonomy":"post_tag","embeddable":true,"href":"https:\/\/diariorepublica.com.ar\/web\/index.php\/wp-json\/wp\/v2\/tags?post=28940"}],"curies":[{"name":"wp","href":"https:\/\/api.w.org\/{rel}","templated":true}]}}