{"id":28943,"date":"2026-01-27T20:45:00","date_gmt":"2026-01-27T23:45:00","guid":{"rendered":"https:\/\/diariorepublica.com.ar\/web\/?p=28943"},"modified":"2026-01-27T17:46:35","modified_gmt":"2026-01-27T20:46:35","slug":"el-reloj-del-juicio-final-quedo-a-85-segundos-de-la-medianoche-el-punto-mas-critico-de-la-historia","status":"publish","type":"post","link":"https:\/\/diariorepublica.com.ar\/web\/index.php\/internacionales\/2026\/01\/27\/el-reloj-del-juicio-final-quedo-a-85-segundos-de-la-medianoche-el-punto-mas-critico-de-la-historia\/","title":{"rendered":"El Reloj del Juicio Final qued\u00f3 a 85 segundos de la medianoche, el punto m\u00e1s cr\u00edtico de la historia"},"content":{"rendered":"<article id=\"article-post\" class=\"first\">\n<div class=\"cuerpo\" data-twitter-link=\"https:\/\/twitter.com\/intent\/tweet?url=https:\/\/www.diariopopular.com.ar\/c883250&amp;via=poopulardiario&amp;related=Popular&amp;text=\">\n<p>El Bolet\u00edn de los C<strong>ient\u00edficos At\u00f3mico<\/strong>s anunci\u00f3 este martes un<strong>\u00a0nuevo ajuste del denominado \u00abReloj del Juicio Final\u00bb y advirti\u00f3 que el mundo se encuentra\u00a0<em>\u201cm\u00e1s cerca de la medianoche que nunca\u201d<\/em>.<\/strong>\u00a0Seg\u00fan la actualizaci\u00f3n,<strong>\u00a0las agujas quedaron a 85 segundos del punto que simboliza el Apocalipsis<\/strong>, cuatro segundos menos que el a\u00f1o pasado.<\/p>\n<\/div>\n<\/article>\n<article id=\"article-post\">\n<div class=\"cuerpo\" data-twitter-link=\"https:\/\/twitter.com\/intent\/tweet?url=https:\/\/www.diariopopular.com.ar\/c883250&amp;via=poopulardiario&amp;related=Popular&amp;text=\">\n<p><em>\u201cLa Humanidad no ha avanzado lo suficiente en lo que respecta al riesgo existencial que nos amenaza a todos. Por lo tanto, adelantamos el reloj\u201d<\/em>, explic\u00f3<strong>\u00a0Alexandra Bell, presidenta y directora ejecutiva del bolet\u00edn, al comunicar la decisi\u00f3n adoptada por la junta cient\u00edfica y de seguridad del organismo.<\/strong><\/p>\n<p>Bell sostuvo, adem\u00e1s. que<strong>\u00a0los riesgos globales vinculados a las armas nucleares, el cambio clim\u00e1tico y las tecnolog\u00edas disruptivas son cada vez mayores<\/strong>, y alert\u00f3 que el tiempo disponible para evitar una cat\u00e1strofe a escala mundial \u201cse est\u00e1 acabando\u201d.<\/p>\n<p>En la misma l\u00ednea,<strong>\u00a0Daniel Holz, presidente del Consejo de Ciencia y Seguridad del Bolet\u00edn, expres\u00f3 su preocupaci\u00f3n por la integraci\u00f3n no regulada de la inteligencia artificial en los sistemas militares.\u00a0<\/strong>Tambi\u00e9n advirti\u00f3 sobre su posible uso indebido para contribuir al desarrollo de amenazas biol\u00f3gicas y a la propagaci\u00f3n de desinformaci\u00f3n a nivel global.<\/p>\n<p><strong>El Reloj del Juicio Final fue creado en 1947 por un grupo de f\u00edsicos de la Universidad de Chicago<\/strong>, que comenzaron a utilizarlo en la portada del Bolet\u00edn de Cient\u00edficos At\u00f3micos como un indicador simb\u00f3lico de la vulnerabilidad del mundo frente a la proliferaci\u00f3n nuclear y el calentamiento global. En su primera aparici\u00f3n, las manecillas marcaban siete minutos antes de la medianoche.<\/p>\n<p>A lo largo de su historia,<strong>\u00a0el reloj fue ajustado en funci\u00f3n de distintos acontecimientos internacionales<\/strong>. En 1953, tras las pruebas de armas termonucleares realizadas por Estados Unidos y la Uni\u00f3n Sovi\u00e9tica, se ubic\u00f3 a dos minutos de la medianoche, una marca a la que volvi\u00f3 en 2018 y 2019.\u00a0<strong>El per\u00edodo considerado m\u00e1s seguro fue 1991, cuando el indicador retrocedi\u00f3 a 17 minutos, tras el final de la \u00abGuerra Fr\u00eda\u00bb.<\/strong><\/p>\n<p><strong>Las decisiones sobre el movimiento de las manecillas son tomadas por la junta del Bolet\u00edn de Cient\u00edficos At\u00f3micos junto a expertos invitados<\/strong>, entre ellos varios premios Nobel, que eval\u00faan de manera peri\u00f3dica el nivel de amenaza que enfrenta la humanidad.<\/p>\n<\/div>\n<\/article>\n","protected":false},"excerpt":{"rendered":"<p>El Bolet\u00edn de los Cient\u00edficos At\u00f3micos anunci\u00f3 este martes un\u00a0nuevo ajuste del denominado \u00abReloj del Juicio Final\u00bb y advirti\u00f3 que<\/p>\n","protected":false},"author":1,"featured_media":28944,"comment_status":"closed","ping_status":"closed","sticky":false,"template":"","format":"standard","meta":{"footnotes":"","jetpack_publicize_message":"","jetpack_publicize_feature_enabled":true,"jetpack_social_post_already_shared":true,"jetpack_social_options":{"image_generator_settings":{"template":"highway","enabled":false},"version":2}},"categories":[6],"tags":[],"class_list":["post-28943","post","type-post","status-publish","format-standard","has-post-thumbnail","hentry","category-internacionales"],"jetpack_publicize_connections":[],"_links":{"self":[{"href":"https:\/\/diariorepublica.com.ar\/web\/index.php\/wp-json\/wp\/v2\/posts\/28943"}],"collection":[{"href":"https:\/\/diariorepublica.com.ar\/web\/index.php\/wp-json\/wp\/v2\/posts"}],"about":[{"href":"https:\/\/diariorepublica.com.ar\/web\/index.php\/wp-json\/wp\/v2\/types\/post"}],"author":[{"embeddable":true,"href":"https:\/\/diariorepublica.com.ar\/web\/index.php\/wp-json\/wp\/v2\/users\/1"}],"replies":[{"embeddable":true,"href":"https:\/\/diariorepublica.com.ar\/web\/index.php\/wp-json\/wp\/v2\/comments?post=28943"}],"version-history":[{"count":1,"href":"https:\/\/diariorepublica.com.ar\/web\/index.php\/wp-json\/wp\/v2\/posts\/28943\/revisions"}],"predecessor-version":[{"id":28945,"href":"https:\/\/diariorepublica.com.ar\/web\/index.php\/wp-json\/wp\/v2\/posts\/28943\/revisions\/28945"}],"wp:featuredmedia":[{"embeddable":true,"href":"https:\/\/diariorepublica.com.ar\/web\/index.php\/wp-json\/wp\/v2\/media\/28944"}],"wp:attachment":[{"href":"https:\/\/diariorepublica.com.ar\/web\/index.php\/wp-json\/wp\/v2\/media?parent=28943"}],"wp:term":[{"taxonomy":"category","embeddable":true,"href":"https:\/\/diariorepublica.com.ar\/web\/index.php\/wp-json\/wp\/v2\/categories?post=28943"},{"taxonomy":"post_tag","embeddable":true,"href":"https:\/\/diariorepublica.com.ar\/web\/index.php\/wp-json\/wp\/v2\/tags?post=28943"}],"curies":[{"name":"wp","href":"https:\/\/api.w.org\/{rel}","templated":true}]}}