{"id":28946,"date":"2026-01-27T09:50:00","date_gmt":"2026-01-27T12:50:00","guid":{"rendered":"https:\/\/diariorepublica.com.ar\/web\/?p=28946"},"modified":"2026-01-27T17:52:03","modified_gmt":"2026-01-27T20:52:03","slug":"tormenta-invernal-fern-en-ee-uu-hay-30-muertos-y-medio-millon-de-personas-sin-luz","status":"publish","type":"post","link":"https:\/\/diariorepublica.com.ar\/web\/index.php\/internacionales\/2026\/01\/27\/tormenta-invernal-fern-en-ee-uu-hay-30-muertos-y-medio-millon-de-personas-sin-luz\/","title":{"rendered":"Tormenta invernal Fern en EE.UU.: hay 30 muertos y medio mill\u00f3n de personas sin luz"},"content":{"rendered":"<article id=\"article-post\" class=\"first\">\n<div class=\"cuerpo\" data-twitter-link=\"https:\/\/twitter.com\/intent\/tweet?url=https:\/\/www.diariopopular.com.ar\/c883225&amp;via=poopulardiario&amp;related=Popular&amp;text=\">\n<p>Hasta este martes, la\u00a0<strong>tormenta invernal Fern<\/strong>, que azota contra\u00a0<strong>Estados Unidos<\/strong>, provoc\u00f3 al menos\u00a0<strong>30 muertes por fr\u00edo extremo<\/strong>, de las cuales ocho fueron en\u00a0<strong>Nueva York<\/strong>, dos en\u00a0<strong>Luisiana<\/strong>, una en\u00a0<strong>Iowa<\/strong>, una en\u00a0<strong>Kansas\u00a0<\/strong>y tres en\u00a0<strong>Tennessee<\/strong>.<\/p>\n<\/div>\n<\/article>\n<article id=\"article-post\">\n<div class=\"cuerpo\" data-twitter-link=\"https:\/\/twitter.com\/intent\/tweet?url=https:\/\/www.diariopopular.com.ar\/c883225&amp;via=poopulardiario&amp;related=Popular&amp;text=\">\n<p>Las bajas temperaturas alcanzaron hasta\u00a0<strong>-31\u00b0 de sensaci\u00f3n t\u00e9rmica<\/strong>\u00a0y la tormenta tambi\u00e9n produjo que haya cortes de luz a lo largo y a lo ancho del pa\u00eds, y a esta hora hay\u00a0<strong>m\u00e1s de 630.000 usuarios sin suministro el\u00e9ctrico.<\/strong><\/p>\n<p>Tambi\u00e9n, hoy por la madrugada se dio a conocer que un avi\u00f3n privado, que llevaba a 8 personas a bordo, se estrell\u00f3 producto de la tormenta en el Aeropuerto Internacional de Bangor, en Maine. Seg\u00fan la informaci\u00f3n publicada por la\u00a0<strong>Administraci\u00f3n Federal de Aviaci\u00f3n (FAA)<\/strong>, el hecho sucedi\u00f2 el domingo alrededor de las 19:45.<\/p>\n<p>Debido a estas condiciones clim\u00e1ticas,\u00a0<strong>Donald Trump<\/strong>\u00a0declar\u00f3 la emergecia en 22 estados. Adem\u00e1s, ya son\u00a0<strong>m\u00e1s de 19 mil vuelos suspendidos<\/strong>, lo que significa la mayor cancelaci\u00f3n de vuelos desde la pandemia.<\/p>\n<p>Esta temporal est\u00e1 siendo un caos en el pa\u00eds norteamericano, en donde las rutas y las calles est\u00e1n congeladas, hay acumulaci\u00f3n de hielo y persiste la alerta por \u00e1rboles ca\u00eddos. Las autoridades y el Servicio Meteorol\u00f3gico prev\u00e9n que se extienda por unos d\u00edas m\u00e1s.<\/p>\n<\/div>\n<\/article>\n","protected":false},"excerpt":{"rendered":"<p>Hasta este martes, la\u00a0tormenta invernal Fern, que azota contra\u00a0Estados Unidos, provoc\u00f3 al menos\u00a030 muertes por fr\u00edo extremo, de las cuales<\/p>\n","protected":false},"author":1,"featured_media":28947,"comment_status":"closed","ping_status":"closed","sticky":false,"template":"","format":"standard","meta":{"footnotes":"","jetpack_publicize_message":"","jetpack_publicize_feature_enabled":true,"jetpack_social_post_already_shared":true,"jetpack_social_options":{"image_generator_settings":{"template":"highway","enabled":false},"version":2}},"categories":[6],"tags":[],"class_list":["post-28946","post","type-post","status-publish","format-standard","has-post-thumbnail","hentry","category-internacionales"],"jetpack_publicize_connections":[],"_links":{"self":[{"href":"https:\/\/diariorepublica.com.ar\/web\/index.php\/wp-json\/wp\/v2\/posts\/28946"}],"collection":[{"href":"https:\/\/diariorepublica.com.ar\/web\/index.php\/wp-json\/wp\/v2\/posts"}],"about":[{"href":"https:\/\/diariorepublica.com.ar\/web\/index.php\/wp-json\/wp\/v2\/types\/post"}],"author":[{"embeddable":true,"href":"https:\/\/diariorepublica.com.ar\/web\/index.php\/wp-json\/wp\/v2\/users\/1"}],"replies":[{"embeddable":true,"href":"https:\/\/diariorepublica.com.ar\/web\/index.php\/wp-json\/wp\/v2\/comments?post=28946"}],"version-history":[{"count":1,"href":"https:\/\/diariorepublica.com.ar\/web\/index.php\/wp-json\/wp\/v2\/posts\/28946\/revisions"}],"predecessor-version":[{"id":28948,"href":"https:\/\/diariorepublica.com.ar\/web\/index.php\/wp-json\/wp\/v2\/posts\/28946\/revisions\/28948"}],"wp:featuredmedia":[{"embeddable":true,"href":"https:\/\/diariorepublica.com.ar\/web\/index.php\/wp-json\/wp\/v2\/media\/28947"}],"wp:attachment":[{"href":"https:\/\/diariorepublica.com.ar\/web\/index.php\/wp-json\/wp\/v2\/media?parent=28946"}],"wp:term":[{"taxonomy":"category","embeddable":true,"href":"https:\/\/diariorepublica.com.ar\/web\/index.php\/wp-json\/wp\/v2\/categories?post=28946"},{"taxonomy":"post_tag","embeddable":true,"href":"https:\/\/diariorepublica.com.ar\/web\/index.php\/wp-json\/wp\/v2\/tags?post=28946"}],"curies":[{"name":"wp","href":"https:\/\/api.w.org\/{rel}","templated":true}]}}