{"id":28952,"date":"2026-01-27T17:56:45","date_gmt":"2026-01-27T20:56:45","guid":{"rendered":"https:\/\/diariorepublica.com.ar\/web\/?p=28952"},"modified":"2026-01-27T17:56:47","modified_gmt":"2026-01-27T20:56:47","slug":"tragedia-en-bariloche-quien-era-la-mujer-que-fallecio-en-una-cascada-del-parque-nacional-nahuel-huapi","status":"publish","type":"post","link":"https:\/\/diariorepublica.com.ar\/web\/index.php\/nacionales\/2026\/01\/27\/tragedia-en-bariloche-quien-era-la-mujer-que-fallecio-en-una-cascada-del-parque-nacional-nahuel-huapi\/","title":{"rendered":"Tragedia en Bariloche: qui\u00e9n era la mujer que falleci\u00f3 en una cascada del Parque Nacional Nahuel Huapi"},"content":{"rendered":"<p>Silvana Garibaldi muri\u00f3 de manera tr\u00e1gica mientras disfrutaba de unos d\u00edas de descanso en Bariloche, tras golpearse la nuca en la Cascada Frey, un sector del Parque Nacional Nahuel Huapi al que hab\u00eda accedido junto a otras personas en una embarcaci\u00f3n particular.<\/p>\n<p>La mujer, licenciada en\u00a0<strong>Administraci\u00f3n de Empresas<\/strong>, estaba pr\u00f3xima a cumplir 60 a\u00f1os el\u00a0<strong>28 de febrero<\/strong>. Ten\u00eda tres hijos, Franco, Josefina e In\u00e9s, dos de ellos radicados en el exterior, y resid\u00eda en un country del partido bonaerense de Pilar.<\/p>\n<article class=\"article-body par-3\">\n<div class=\"article-content\">\n<div class=\"news-body-paragraph\" data-twitter-link=\"\">\n<p data-start=\"553\" data-end=\"799\">En una entrevista concedida a Clar\u00edn durante el verano de 2004, Garibaldi hab\u00eda contado que sol\u00eda veranear desde la infancia en Pinamar junto a su marido,\u00a0<strong>Alejandro Vallone (60)<\/strong>, contador p\u00fablico. En la actualidad, ambos se encontraban separados.<\/p>\n<\/div>\n<\/div>\n<\/article>\n<article class=\"article-body par-4\">\n<div class=\"article-content\">\n<div class=\"news-body-paragraph\" data-twitter-link=\"\">\n<p data-start=\"801\" data-end=\"1339\">A lo largo de su carrera profesional, desarroll\u00f3 una extensa trayectoria en compa\u00f1\u00edas de consumo masivo, servicios y consultor\u00eda. Se desempe\u00f1\u00f3 en la Gerencia de Marketing y Desarrollo de Negocios de Papelera del Plata, trabaj\u00f3 en Arcor Divisi\u00f3n Galletitas y en Kimberley Clark Fem and Personal Care para Argentina, Chile, Uruguay y Paraguay. Tambi\u00e9n ocup\u00f3 cargos como directora de Desarrollo Comercial en CCR-IRI y BMC Consulting Group, adem\u00e1s de pasar por Ignis Argentina Medios &amp; Comunicaci\u00f3n y fundar su propia empresa, GVD Consulting.<\/p>\n<\/div>\n<\/div>\n<\/article>\n<article class=\"article-body par-5\">\n<div class=\"article-content\">\n<div class=\"news-body-paragraph\" data-twitter-link=\"\">\n<p data-start=\"1341\" data-end=\"1492\">En su perfil de LinkedIn, se describ\u00eda como \u00abconsultora especialista en Estrategia Comercial y Marketing \/ Gesti\u00f3n de Proyectos. Start up de Negocios\u00bb.<\/p>\n<p data-start=\"1341\" data-end=\"1492\">\n<p data-start=\"1341\" data-end=\"1492\"><strong>El accidente en la cascada Frey<\/strong><\/p>\n<p data-start=\"1494\" data-end=\"1909\">El accidente ocurri\u00f3 pasadas las 19 del lunes, en la zona de la\u00a0<strong>Cascada Frey<\/strong>, ubicada al final del brazo\u00a0<strong>Tristeza del lago Nahuel Huapi<\/strong>. Seg\u00fan informaron fuentes oficiales, Garibaldi \u201cse habr\u00eda deslizado en un sector de la cascada, sufriendo un grave accidente\u201d. Las personas que la acompa\u00f1aban lograron sacarla del agua y le practicaron maniobras de reanimaci\u00f3n cardiopulmonar, aunque no obtuvieron signos vitales.<\/p>\n<p data-start=\"1911\" data-end=\"2053\">\u00ab<strong>Lamentablemente la mujer utiliz\u00f3 la cascada como tobog\u00e1n, se golpe\u00f3 y muri\u00f3<\/strong>\u00ab, confirm\u00f3 una de las autoridades del Parque al Diario R\u00edo Negro.<\/p>\n<p data-start=\"2055\" data-end=\"2674\">Tras el hecho, se mont\u00f3 un amplio operativo con la participaci\u00f3n de guardaparques, personal del Departamento ICE, un param\u00e9dico de la Comisi\u00f3n de Auxilio y efectivos de Prefectura Naval Argentina. Adem\u00e1s, se dio intervenci\u00f3n a la Fiscal\u00eda correspondiente. \u201cR\u00e1pidamente se mont\u00f3 un operativo con Guardaparques, personal de Departamento ICE, un param\u00e9dico de la Comisi\u00f3n de Auxilio y Prefectura Naval Argentina, dando aviso a la Fiscal\u00eda correspondiente. En el procedimiento tambi\u00e9n se sum\u00f3 colaborando con el traslado de personal y familiares un operador lacustre del Parque Nacional\u201d, indicaron desde la administraci\u00f3n.<\/p>\n<p data-start=\"2676\" data-end=\"3057\">El procedimiento concluy\u00f3 cerca de las\u00a0<strong>5 de la madrugada del martes<\/strong>, cuando se retir\u00f3 el cuerpo con autorizaci\u00f3n de la fiscal Silvia Paolini. \u00abEl traslado se efectu\u00f3 por tierra desde la zona de la cascada hasta el lago Nahuel Huapi y posteriormente por v\u00eda lacustre hasta Bah\u00eda L\u00f3pez, donde Polic\u00eda de R\u00edo Negro realizaron las pericias y el traslado a la morgue local\u00bb, precisaron.<\/p>\n<p data-start=\"3059\" data-end=\"3326\">Desde el\u00a0<strong>Parque Nacional<\/strong>\u00a0recordaron que en ese sector est\u00e1 prohibido descender por la cascada debido al riesgo extremo. \u201cMuchos visitantes realizan descensos sobre la cascada como si fuera un tobog\u00e1n, actividad totalmente prohibida por extremas razones de seguridad\u201d.<\/p>\n<p data-start=\"3328\" data-end=\"3650\" data-is-last-node=\"\" data-is-only-node=\"\">Tambi\u00e9n remarcaron que se trata de un punto de dif\u00edcil acceso: \u00abEn esos puntos solo se puede acceder por v\u00eda lacustre y esto implica varias horas de navegaci\u00f3n, si las condiciones clim\u00e1ticas lo permiten. Desde la Intendencia del Parque Nacional lamentamos este hecho, acompa\u00f1amos a los familiares y amigos de la v\u00edctima\u00bb.<\/p>\n<p data-start=\"3328\" data-end=\"3650\" data-is-last-node=\"\" data-is-only-node=\"\">a24.com<\/p>\n<\/div>\n<\/div>\n<\/article>\n","protected":false},"excerpt":{"rendered":"<p>Silvana Garibaldi muri\u00f3 de manera tr\u00e1gica mientras disfrutaba de unos d\u00edas de descanso en Bariloche, tras golpearse la nuca en<\/p>\n","protected":false},"author":1,"featured_media":28953,"comment_status":"closed","ping_status":"closed","sticky":false,"template":"","format":"standard","meta":{"footnotes":"","jetpack_publicize_message":"","jetpack_publicize_feature_enabled":true,"jetpack_social_post_already_shared":true,"jetpack_social_options":{"image_generator_settings":{"template":"highway","enabled":false},"version":2}},"categories":[4],"tags":[],"class_list":["post-28952","post","type-post","status-publish","format-standard","has-post-thumbnail","hentry","category-nacionales"],"jetpack_publicize_connections":[],"_links":{"self":[{"href":"https:\/\/diariorepublica.com.ar\/web\/index.php\/wp-json\/wp\/v2\/posts\/28952"}],"collection":[{"href":"https:\/\/diariorepublica.com.ar\/web\/index.php\/wp-json\/wp\/v2\/posts"}],"about":[{"href":"https:\/\/diariorepublica.com.ar\/web\/index.php\/wp-json\/wp\/v2\/types\/post"}],"author":[{"embeddable":true,"href":"https:\/\/diariorepublica.com.ar\/web\/index.php\/wp-json\/wp\/v2\/users\/1"}],"replies":[{"embeddable":true,"href":"https:\/\/diariorepublica.com.ar\/web\/index.php\/wp-json\/wp\/v2\/comments?post=28952"}],"version-history":[{"count":1,"href":"https:\/\/diariorepublica.com.ar\/web\/index.php\/wp-json\/wp\/v2\/posts\/28952\/revisions"}],"predecessor-version":[{"id":28954,"href":"https:\/\/diariorepublica.com.ar\/web\/index.php\/wp-json\/wp\/v2\/posts\/28952\/revisions\/28954"}],"wp:featuredmedia":[{"embeddable":true,"href":"https:\/\/diariorepublica.com.ar\/web\/index.php\/wp-json\/wp\/v2\/media\/28953"}],"wp:attachment":[{"href":"https:\/\/diariorepublica.com.ar\/web\/index.php\/wp-json\/wp\/v2\/media?parent=28952"}],"wp:term":[{"taxonomy":"category","embeddable":true,"href":"https:\/\/diariorepublica.com.ar\/web\/index.php\/wp-json\/wp\/v2\/categories?post=28952"},{"taxonomy":"post_tag","embeddable":true,"href":"https:\/\/diariorepublica.com.ar\/web\/index.php\/wp-json\/wp\/v2\/tags?post=28952"}],"curies":[{"name":"wp","href":"https:\/\/api.w.org\/{rel}","templated":true}]}}