{"id":28955,"date":"2026-01-28T19:03:00","date_gmt":"2026-01-28T22:03:00","guid":{"rendered":"https:\/\/diariorepublica.com.ar\/web\/?p=28955"},"modified":"2026-01-28T16:04:27","modified_gmt":"2026-01-28T19:04:27","slug":"festivales-y-turismo-activo-marcan-el-cierre-de-enero-en-catamarca","status":"publish","type":"post","link":"https:\/\/diariorepublica.com.ar\/web\/index.php\/sociedad\/2026\/01\/28\/festivales-y-turismo-activo-marcan-el-cierre-de-enero-en-catamarca\/","title":{"rendered":"Festivales y turismo activo marcan el cierre de enero en Catamarca"},"content":{"rendered":"<p dir=\"ltr\">Los \u00faltimos d\u00edas de enero y los primeros de febrero, de esta temporada de verano, se vivir\u00e1n a pleno con fiestas populares, teatro, poes\u00eda, ferias gastron\u00f3micas y de emprendedores, adem\u00e1s de actividades y paseos al aire libre. Las propuestas se desarrollar\u00e1n en diferentes municipios desde el 29 de enero hasta el 2 de febrero.<\/p>\n<p dir=\"ltr\">Los festivales y las fiestas tradicionales ser\u00e1n una gran opci\u00f3n para disfrutar de la m\u00fasica, de la danza y del canto.<\/p>\n<p dir=\"ltr\">En Santa Mar\u00eda, se realizar\u00e1 la Fiesta Nacional Santa Mar\u00eda la Reina del Yokavil durante los d\u00edas 30 y 31 de enero y 1 de febrero. El evento se har\u00e1 en el Anfiteatro Municipal Margarita Palacios. El viernes 30 subir\u00e1n al escenario Abel Pintos, Los Kjarkas y Christian Herrera; el s\u00e1bado 31 ser\u00e1 el turno de La Konga, el Chaque\u00f1o Palavecino y Las Voces de Or\u00e1n; y el domingo 1 de febrero cerrar\u00e1n Los Tekis y Sergio Galleguillo, acompa\u00f1ados en cada jornada por m\u00fasicos locales que completan una propuesta diversa y representativa de la identidad cultural del evento.<\/p>\n<p dir=\"ltr\">En Aconquija, durante los d\u00edas 30 y 31 de enero y 1 de febrero se realizar\u00e1 el Festival Mayor de Aconquija, uno de los eventos m\u00e1s convocantes de la comuna, que en su cartelera incluye al Indio Lucio Rojas, al D\u00fao Coplanacu y a la orquesta de cumbia La Delio Valdez. El evento comenzar\u00e1 a las 22, en el complejo habitacional y deportivo Juan Higinio Vedia.<\/p>\n<p dir=\"ltr\">En Fiambal\u00e1, el viernes 30 de enero ser\u00e1 el momento del Festival de la Cosecha y Cultura, que tendr\u00e1 lugar en el escenario Luis Edgardo Titos, ubicado en la localidad de Palo Blanco. En esta oportunidad, se presentar\u00e1 Lisandro M\u00e1rquez junto a artistas locales.<\/p>\n<p dir=\"ltr\">El 31 de enero, en la localidad de Andalhuala, municipio de San Jos\u00e9 (Santa Mar\u00eda), se realizar\u00e1 una nueva edici\u00f3n del Festival Gauchos Juan Azampay, en el predio Juan Azampay, con actividades de campo como doma de terneros, juegos tradicionales y un festival musical.<\/p>\n<p dir=\"ltr\">Ese mismo d\u00eda, en Balcozna, departamento Pacl\u00edn, se desarrollar\u00e1 el Festival de la Pera en la Escuela N\u00ba 211, desde las 21.30, con las presentaciones de ballets locales, Los Quilme\u00f1os, Aire Chamamecero, Los Ibarra, Chamameceros de Pacl\u00edn y Los Rompecorazones. Tambi\u00e9n el 31 de enero, en La Puntilla (Tinogasta), se llevar\u00e1 a cabo el Festival Agua Dulce.<\/p>\n<p dir=\"ltr\">El domingo 2 de febrero, la Fiesta de la Virgen de la Candelaria llenar\u00e1 de m\u00fasica y baile a la localidad de Amadores.<\/p>\n<p dir=\"ltr\">Adem\u00e1s de los festivales, el fin de semana propone m\u00faltiples actividades de turismo activo y experiencias en contacto con la naturaleza en distintos puntos de la provincia.<\/p>\n<p dir=\"ltr\">El jueves 29 de enero, en La Puerta, se realizar\u00e1 la\u00a0Bicicleteada por las Iglesias, con salida a las 8.30 desde el R\u00edo Los Puestos. Ese mismo d\u00eda, en El Rodeo, habr\u00e1\u00a0Trekking a la Cumbre de Las Cuestesillas, a las 17 hs, con salida desde la Oficina de Turismo; y en Fiambal\u00e1, un\u00a0trekking guiado\u00a0a partir de las 18 hs desde el Puente del R\u00edo Abauc\u00e1n.<\/p>\n<p dir=\"ltr\">El viernes 30, en La Puerta, se llevar\u00e1 a cabo el\u00a0Trekking Banda Sud, a las 8 hs, con salida desde la Iglesia Banda Sud.<\/p>\n<p dir=\"ltr\">El s\u00e1bado 31 de enero, en El Rodeo, se podr\u00e1 participar del\u00a0Trekking Puesto R\u00edo, a las 9 hs, con salida desde la Oficina de Turismo. En La Puerta, ese mismo d\u00eda, habr\u00e1 una\u00a0Cabalgata por el Pueblo, a partir de las 9 hs, con salida desde el SUM Banda Sud.<br \/>\nEn Fray Mamerto Esqui\u00fa, el s\u00e1bado 31 se realizar\u00e1 una\u00a0Traves\u00eda en kayak\u00a0de 15.30 a 18 hs en el Dique Las Pirquitas, y por la noche, de 20 a 22.30, una\u00a0Traves\u00eda bajo la luna llena\u00a0en el mismo espejo de agua.<\/p>\n<p dir=\"ltr\">Tambi\u00e9n el s\u00e1bado 31 de enero, en Camping El Portezuelo (Valle Viejo), se celebrar\u00e1 el D\u00eda en la Naturaleza \u2013 D\u00eda de Aventura, una actividad sin costo y pensada para toda la familia, con cupos limitados. Desde las 15 hs, se podr\u00e1 participar de caminatas y actividades al aire libre, juegos tradicionales e intertribus, experiencia scout, fog\u00f3n compartido, artistas invitados y relatos de historias y mitos bajo las estrellas.<\/p>\n<p dir=\"ltr\">El domingo 1 de febrero, la propuesta de\u00a0Traves\u00eda bajo la luna llena\u00a0se realizar\u00e1 en la Capital, en el Dique El Jumeal, de 20 a 22.30 hs.<\/p>\n<p dir=\"ltr\">Las actividades culturales y gastron\u00f3micas tambi\u00e9n tendr\u00e1n su espacio. En Las Juntas, el jueves 30 de enero habr\u00e1 poes\u00eda en la Casa de la Cultura; el viernes 31 se realizar\u00e1 un aparte campero de caballos criollos; y el s\u00e1bado 1 de febrero se podr\u00e1 recorrer la feria La Junte\u00f1a y disfrutar de una jornada de cine en la Casa de la Cultura.<\/p>\n<p dir=\"ltr\">En Aconquija, durante el 30 y 31 de enero, se desarrollar\u00e1 la feria artesanal y de emprendedores, con comidas t\u00edpicas y producciones locales. En tanto que, en Andalgal\u00e1, ese mismo fin de semana, habr\u00e1 propuestas de astroturismo con acampe y gastronom\u00eda.<\/p>\n<p dir=\"ltr\">Finalmente, el domingo 1 de febrero, en la Hoster\u00eda Cuesta del Portezuelo, desde las 17 hs, se realizar\u00e1 la Bienvenida del Carnaval con roda de samba, jazz y carnaval carioca, acompa\u00f1ada de postres y comidas t\u00edpicas de Brasil, sumando sabores y ritmos a la agenda del fin de semana.<\/p>\n","protected":false},"excerpt":{"rendered":"<p>Los \u00faltimos d\u00edas de enero y los primeros de febrero, de esta temporada de verano, se vivir\u00e1n a pleno con<\/p>\n","protected":false},"author":1,"featured_media":28956,"comment_status":"closed","ping_status":"closed","sticky":false,"template":"","format":"standard","meta":{"footnotes":"","jetpack_publicize_message":"","jetpack_publicize_feature_enabled":true,"jetpack_social_post_already_shared":true,"jetpack_social_options":{"image_generator_settings":{"template":"highway","enabled":false},"version":2}},"categories":[3],"tags":[],"class_list":["post-28955","post","type-post","status-publish","format-standard","has-post-thumbnail","hentry","category-sociedad"],"jetpack_publicize_connections":[],"_links":{"self":[{"href":"https:\/\/diariorepublica.com.ar\/web\/index.php\/wp-json\/wp\/v2\/posts\/28955"}],"collection":[{"href":"https:\/\/diariorepublica.com.ar\/web\/index.php\/wp-json\/wp\/v2\/posts"}],"about":[{"href":"https:\/\/diariorepublica.com.ar\/web\/index.php\/wp-json\/wp\/v2\/types\/post"}],"author":[{"embeddable":true,"href":"https:\/\/diariorepublica.com.ar\/web\/index.php\/wp-json\/wp\/v2\/users\/1"}],"replies":[{"embeddable":true,"href":"https:\/\/diariorepublica.com.ar\/web\/index.php\/wp-json\/wp\/v2\/comments?post=28955"}],"version-history":[{"count":1,"href":"https:\/\/diariorepublica.com.ar\/web\/index.php\/wp-json\/wp\/v2\/posts\/28955\/revisions"}],"predecessor-version":[{"id":28957,"href":"https:\/\/diariorepublica.com.ar\/web\/index.php\/wp-json\/wp\/v2\/posts\/28955\/revisions\/28957"}],"wp:featuredmedia":[{"embeddable":true,"href":"https:\/\/diariorepublica.com.ar\/web\/index.php\/wp-json\/wp\/v2\/media\/28956"}],"wp:attachment":[{"href":"https:\/\/diariorepublica.com.ar\/web\/index.php\/wp-json\/wp\/v2\/media?parent=28955"}],"wp:term":[{"taxonomy":"category","embeddable":true,"href":"https:\/\/diariorepublica.com.ar\/web\/index.php\/wp-json\/wp\/v2\/categories?post=28955"},{"taxonomy":"post_tag","embeddable":true,"href":"https:\/\/diariorepublica.com.ar\/web\/index.php\/wp-json\/wp\/v2\/tags?post=28955"}],"curies":[{"name":"wp","href":"https:\/\/api.w.org\/{rel}","templated":true}]}}