{"id":28961,"date":"2026-01-28T16:12:02","date_gmt":"2026-01-28T19:12:02","guid":{"rendered":"https:\/\/diariorepublica.com.ar\/web\/?p=28961"},"modified":"2026-01-28T16:12:04","modified_gmt":"2026-01-28T19:12:04","slug":"horarios-de-verano-de-los-servicios-municipales","status":"publish","type":"post","link":"https:\/\/diariorepublica.com.ar\/web\/index.php\/locales\/2026\/01\/28\/horarios-de-verano-de-los-servicios-municipales\/","title":{"rendered":"Horarios de verano de los Servicios Municipales"},"content":{"rendered":"<p>El Municipio de la Capital dio a conocer los horarios de todos los servicios municipales en periodo estival<\/p>\n<p><strong>Cementerio Municipal<\/strong><br \/>\nNecr\u00f3polis\u202807:00 a 13:00 hs<br \/>\nAdministraci\u00f3n y sepelios\u202807:00 a 19:00 hs<br \/>\nRefacci\u00f3n de nichos\u202807:00 a 12:00 hs (Lunes a viernes)<\/p>\n<p><strong>Centro de Emisi\u00f3n de Licencias<\/strong><br \/>\nLunes a viernes<br \/>\n<strong>Atenci\u00f3n por orden de llegada<\/strong>\u00a007:00 a 13:00 hs<br \/>\n<strong>Turnos online programados<\/strong>\u00a014:00 a 18:30 hs<br \/>\n<strong>Pagos \u00fanicamente con QR<\/strong><\/p>\n<p><strong>Centros de Salud Municipales<\/strong><br \/>\n<strong>Madre Teresa de Calcuta \/ Centro Odontol\u00f3gico Sur \/ Centro Odontol\u00f3gico Norte<\/strong><br \/>\nLunes a viernes<br \/>\nTurno ma\u00f1ana: 07:00 a 12:00 hs<br \/>\nTurno tarde: 14:00 a 19:00 hs<\/p>\n<p><strong>Centro de Diagn\u00f3stico Municipal<\/strong><br \/>\nTurno ma\u00f1ana: 08:00 a 12:00 hs<br \/>\nTurno tarde: 14:00 a 19:00 hs<\/p>\n<p><strong>Sanidad y Salud Mental<\/strong><br \/>\nSanidad Municipal \/ Dispositivos de Salud Mental \u2013 Sala Norte y Sala Sur<br \/>\nLunes a viernes<br \/>\n07:00 a 12:00 hs<\/p>\n<p><strong>Oficinas CERCA<\/strong><br \/>\nCalle Salta esquina Zurita<br \/>\nLunes a viernes 07:00 a 19:00 hs<br \/>\nO comunicate al 147<\/p>\n<p><strong>Juzgados Municipales<\/strong><br \/>\nLunes a viernes 08:00 a 12:00 hs<\/p>\n<p><strong>Puntos GIRO<\/strong><br \/>\nLunes a s\u00e1bados<br \/>\n8:00 a 12:00<br \/>\n16:00 a 20:00hs<br \/>\nDomingos<br \/>\n16 a 20hs<\/p>\n<p><strong>Camping Municipal<\/strong><br \/>\nMartes a domingos<br \/>\n07 a 20hs<br \/>\nPileta (Turno ma\u00f1ana) Unicamente Colonia<br \/>\n14 a 19 hs p\u00fablico en general<\/p>\n<p><strong>Museos municipalel<\/strong><br \/>\n<strong>Virgen del Valle, Ad\u00e1n Quiroga, Museo de la Ciudad- Casa Caravati<\/strong><br \/>\nLunes a viernes de 9 a 13 hs y de 17 a 21 hs.<br \/>\nFeriados, s\u00e1bados y domingos de 10 a 20 hs.<\/p>\n<p><strong>Zoonosis<\/strong><br \/>\n(Maip\u00fa Norte esquina Dr. Guzm\u00e1n Pacheco) \u2013 Turnos 3834-791918<br \/>\nVacunaci\u00f3n antirr\u00e1bica y desparacitaci\u00f3n<br \/>\nDel 19 al 31 de enero de 14:30 a 17:30 hs<\/p>\n","protected":false},"excerpt":{"rendered":"<p>El Municipio de la Capital dio a conocer los horarios de todos los servicios municipales en periodo estival Cementerio Municipal<\/p>\n","protected":false},"author":1,"featured_media":28963,"comment_status":"closed","ping_status":"closed","sticky":false,"template":"","format":"standard","meta":{"footnotes":"","jetpack_publicize_message":"","jetpack_publicize_feature_enabled":true,"jetpack_social_post_already_shared":true,"jetpack_social_options":{"image_generator_settings":{"template":"highway","enabled":false},"version":2}},"categories":[2],"tags":[],"class_list":["post-28961","post","type-post","status-publish","format-standard","has-post-thumbnail","hentry","category-locales"],"jetpack_publicize_connections":[],"_links":{"self":[{"href":"https:\/\/diariorepublica.com.ar\/web\/index.php\/wp-json\/wp\/v2\/posts\/28961"}],"collection":[{"href":"https:\/\/diariorepublica.com.ar\/web\/index.php\/wp-json\/wp\/v2\/posts"}],"about":[{"href":"https:\/\/diariorepublica.com.ar\/web\/index.php\/wp-json\/wp\/v2\/types\/post"}],"author":[{"embeddable":true,"href":"https:\/\/diariorepublica.com.ar\/web\/index.php\/wp-json\/wp\/v2\/users\/1"}],"replies":[{"embeddable":true,"href":"https:\/\/diariorepublica.com.ar\/web\/index.php\/wp-json\/wp\/v2\/comments?post=28961"}],"version-history":[{"count":1,"href":"https:\/\/diariorepublica.com.ar\/web\/index.php\/wp-json\/wp\/v2\/posts\/28961\/revisions"}],"predecessor-version":[{"id":28962,"href":"https:\/\/diariorepublica.com.ar\/web\/index.php\/wp-json\/wp\/v2\/posts\/28961\/revisions\/28962"}],"wp:featuredmedia":[{"embeddable":true,"href":"https:\/\/diariorepublica.com.ar\/web\/index.php\/wp-json\/wp\/v2\/media\/28963"}],"wp:attachment":[{"href":"https:\/\/diariorepublica.com.ar\/web\/index.php\/wp-json\/wp\/v2\/media?parent=28961"}],"wp:term":[{"taxonomy":"category","embeddable":true,"href":"https:\/\/diariorepublica.com.ar\/web\/index.php\/wp-json\/wp\/v2\/categories?post=28961"},{"taxonomy":"post_tag","embeddable":true,"href":"https:\/\/diariorepublica.com.ar\/web\/index.php\/wp-json\/wp\/v2\/tags?post=28961"}],"curies":[{"name":"wp","href":"https:\/\/api.w.org\/{rel}","templated":true}]}}