{"id":28970,"date":"2026-01-28T18:22:00","date_gmt":"2026-01-28T21:22:00","guid":{"rendered":"https:\/\/diariorepublica.com.ar\/web\/?p=28970"},"modified":"2026-01-28T16:23:50","modified_gmt":"2026-01-28T19:23:50","slug":"river-vs-gimnasia-por-el-torneo-apertura-desde-las-20","status":"publish","type":"post","link":"https:\/\/diariorepublica.com.ar\/web\/index.php\/deportes\/2026\/01\/28\/river-vs-gimnasia-por-el-torneo-apertura-desde-las-20\/","title":{"rendered":"River vs. Gimnasia, por el Torneo Apertura desde las 20"},"content":{"rendered":"<p><b>River y Gimnasia se miden este mi\u00e9rcoles desde las 20<\/b>\u00a0en el Estadio Monumental por la segunda fecha del Torneo Apertura. El Millonario viene de un buen triunfo sobre Barracas Central y el Lobo, de dar el golpe ante Racing en el Bosque. Con\u00a0el reencuentro de Nacho Fern\u00e1ndez con su exequipo\u00a0por primera vez desde su partida a fines de 2025, el partido promete emociones fuertes.<\/p>\n<p>La convincente victoria ante el Guapo\u00a0como visitante dej\u00f3 buenas sensaciones en el club de N\u00fa\u00f1ez. La solidez defensiva,\u00a0<b>el orden que aport\u00f3 An\u00edbal Moreno, secundado por Fausto Vera<\/b>, y la presi\u00f3n alta que pudo mantener durante buena parte del partido fueron algunos de los cambios que se pudieron notar respecto al p\u00e9simo cierre de 2025. Sin embargo,\u00a0<b>le falt\u00f3 poder de fuego y creatividad a la hora de buscar el arco rival<\/b>.<\/p>\n<p>En cuanto a los 11 titulares, Marcelo Gallardo estuvo pendiente hasta \u00faltimo momento de la evoluci\u00f3n f\u00edsica de Marcos Acu\u00f1a y Franco Armani.\u00a0<b>El Huevo, por precauci\u00f3n, ser\u00e1 preservado<\/b>\u00a0y probablemente pueda debutar frente a Rosario Central, en Arroyito. En cambio,\u00a0<b>el arquero deber\u00e1 aguardar<\/b>, ya que, a pesar de que dej\u00f3 atr\u00e1s el desgarro en su gemelo derecho,\u00a0<b>ahora sufre una inflamaci\u00f3n en el tal\u00f3n de esa misma pierna<\/b>\u00a0y, por ahora, su vuelta no tiene fecha. Por eso, el 1 ser\u00e1 Santiago Beltr\u00e1n.<\/p>\n<p>Con\u00a0<b>Mat\u00edas Vi\u00f1a otra vez en el lateral izquierdo, a la espera de la recuperaci\u00f3n del campe\u00f3n del mundo<\/b>, el resto del equipo tambi\u00e9n se mantendr\u00e1 inalterable.\u00a0<b>Kevin Casta\u00f1o<\/b>, que estar\u00e1 disponible para jugar,\u00a0<b>partir\u00e1 desde el banco<\/b>. En la mitad, los dos refuerzos (Moreno y Vera) estar\u00e1n\u00a0<b>secundados por Tom\u00e1s Galv\u00e1n<\/b>, que tendr\u00e1 una nueva oportunidad de mostrarse.<\/p>\n<p>Y arriba, el buen partido de\u00a0<b>Sebasti\u00e1n Driussi\u00a0<\/b>como &#8216;9&#8217;, y luego m\u00e1s retrasado con la salida de Juanfer Quintero (otra vez capit\u00e1n), le garantizan su permanencia entre los titulares: el Gordo es la apuesta ofensiva del DT.\u00a0<b>Otra vez lo acompa\u00f1ar\u00e1 Facundo Colidio<\/b>, de mal debut en este 2026.\u00a0<b>Maximiliano Salas y Ian Subiabre<\/b>\u00a0ser\u00e1n las principales alternativas.<\/p>\n<p>En tanto, Gimnasia llega muy lejos de la realidad en la que visit\u00f3 el Monumental la \u00faltima vez. En aquella ocasi\u00f3n,\u00a0el Lobo peleaba el descenso y el 1-0 le permiti\u00f3, no solo casi asegurar su permanencia, sino iniciar una racha\u00a0que lo llev\u00f3 hasta las semifinales del Clausura. Con la\u00a0<b>continuidad de Fernando Zarinatto<\/b>, el equipo empez\u00f3 2026 en la misma forma y dej\u00f3 una muy buena imagen en su debut ante Racing.<\/p>\n<p>M\u00e1s all\u00e1 del homenaje que le brindar\u00e1 todo el estadio y la misma dirigencia antes del inicio del partido, Nacho Fern\u00e1ndez ser\u00e1 el capit\u00e1n del Tripero, que seguramente repita equipo. La \u00fanica duda que mantiene el DT es en el lateral izquierdo:\u00a0<b>sigue Pedro Silva Torrej\u00f3n o es reemplazado por el pibe Alejo Gelsomino<\/b>.<\/p>\n<ul>\n<li><u>Hora:<\/u>\u00a020.00.<\/li>\n<li><u>TV:<\/u>\u00a0TNT Sports.<\/li>\n<li><u>\u00c1rbitro:<\/u>\u00a0Pablo D\u00f3valo.<\/li>\n<li><u>Estadio:<\/u>\u00a0Monumental.<\/li>\n<\/ul>\n<p>tycsports.com<\/p>\n","protected":false},"excerpt":{"rendered":"<p>River y Gimnasia se miden este mi\u00e9rcoles desde las 20\u00a0en el Estadio Monumental por la segunda fecha del Torneo Apertura.<\/p>\n","protected":false},"author":1,"featured_media":28971,"comment_status":"closed","ping_status":"closed","sticky":false,"template":"","format":"standard","meta":{"footnotes":"","jetpack_publicize_message":"","jetpack_publicize_feature_enabled":true,"jetpack_social_post_already_shared":true,"jetpack_social_options":{"image_generator_settings":{"template":"highway","enabled":false},"version":2}},"categories":[9],"tags":[],"class_list":["post-28970","post","type-post","status-publish","format-standard","has-post-thumbnail","hentry","category-deportes"],"jetpack_publicize_connections":[],"_links":{"self":[{"href":"https:\/\/diariorepublica.com.ar\/web\/index.php\/wp-json\/wp\/v2\/posts\/28970"}],"collection":[{"href":"https:\/\/diariorepublica.com.ar\/web\/index.php\/wp-json\/wp\/v2\/posts"}],"about":[{"href":"https:\/\/diariorepublica.com.ar\/web\/index.php\/wp-json\/wp\/v2\/types\/post"}],"author":[{"embeddable":true,"href":"https:\/\/diariorepublica.com.ar\/web\/index.php\/wp-json\/wp\/v2\/users\/1"}],"replies":[{"embeddable":true,"href":"https:\/\/diariorepublica.com.ar\/web\/index.php\/wp-json\/wp\/v2\/comments?post=28970"}],"version-history":[{"count":1,"href":"https:\/\/diariorepublica.com.ar\/web\/index.php\/wp-json\/wp\/v2\/posts\/28970\/revisions"}],"predecessor-version":[{"id":28972,"href":"https:\/\/diariorepublica.com.ar\/web\/index.php\/wp-json\/wp\/v2\/posts\/28970\/revisions\/28972"}],"wp:featuredmedia":[{"embeddable":true,"href":"https:\/\/diariorepublica.com.ar\/web\/index.php\/wp-json\/wp\/v2\/media\/28971"}],"wp:attachment":[{"href":"https:\/\/diariorepublica.com.ar\/web\/index.php\/wp-json\/wp\/v2\/media?parent=28970"}],"wp:term":[{"taxonomy":"category","embeddable":true,"href":"https:\/\/diariorepublica.com.ar\/web\/index.php\/wp-json\/wp\/v2\/categories?post=28970"},{"taxonomy":"post_tag","embeddable":true,"href":"https:\/\/diariorepublica.com.ar\/web\/index.php\/wp-json\/wp\/v2\/tags?post=28970"}],"curies":[{"name":"wp","href":"https:\/\/api.w.org\/{rel}","templated":true}]}}