{"id":28982,"date":"2026-01-28T10:28:00","date_gmt":"2026-01-28T13:28:00","guid":{"rendered":"https:\/\/diariorepublica.com.ar\/web\/?p=28982"},"modified":"2026-01-28T16:29:30","modified_gmt":"2026-01-28T19:29:30","slug":"benedetto-a-un-paso-de-ser-nuevo-refuerzo-de-barcelona-de-ecuador","status":"publish","type":"post","link":"https:\/\/diariorepublica.com.ar\/web\/index.php\/deportes\/2026\/01\/28\/benedetto-a-un-paso-de-ser-nuevo-refuerzo-de-barcelona-de-ecuador\/","title":{"rendered":"Benedetto a un paso de ser nuevo refuerzo de Barcelona de Ecuador"},"content":{"rendered":"<article id=\"article-post\" class=\"first\">\n<div class=\"cuerpo\" data-twitter-link=\"https:\/\/twitter.com\/intent\/tweet?url=https:\/\/www.diariopopular.com.ar\/c883407&amp;via=poopulardiario&amp;related=Popular&amp;text=\">\n<p><strong>Dar\u00edo Benedetto\u00a0<\/strong>ya defini\u00f3 su pr\u00f3ximo destino luego de quedar libre en\u00a0<strong>Newells:\u00a0<\/strong>tiene ya todo listo para ser jugador de Barcelona de\u00a0<strong>Ecuador<\/strong>.<\/p>\n<\/div>\n<\/article>\n<article id=\"article-post\">\n<div class=\"cuerpo\" data-twitter-link=\"https:\/\/twitter.com\/intent\/tweet?url=https:\/\/www.diariopopular.com.ar\/c883407&amp;via=poopulardiario&amp;related=Popular&amp;text=\">\n<p>El ex Boca arriba este mi\u00e9rcoles por la tarde en Guayaquil para realizar la revisaci\u00f3n m\u00e9dica y comenzar su contrato por una temporada en el club ecuatoriano, que deber\u00e1 afrontar a mediados de febrero la fase 2 del Repechaje de la Copa Libertadores contra Argentinos Juniors. A sus 35 a\u00f1os y con un vasto recorrido en Argentina y el exterior, representa una incorporaci\u00f3n de renombre para jerarquizar el frente de ataque.<\/p>\n<p data-start=\"0\" data-end=\"398\">Dar\u00edo Benedetto supera los 150 goles a lo largo de su trayectoria profesional (suma 166), pero desde hace casi dos a\u00f1os que no vuelve a celebrar uno a puro grito. Su \u00faltimo festejo se remonta a febrero de 2024, cuando convirti\u00f3 ante Tigre por la Copa de la Liga con la camiseta de Boca. A partir de ah\u00ed, encaden\u00f3 36 encuentros sin anotar, repartidos entre el Xeneize, Quer\u00e9taro, Olimpia y Newell\u2019s.<\/p>\n<p data-start=\"400\" data-end=\"753\">En su regreso previo a Rosario, apenas pudo disputar nueve partidos, sin lograr cortar la racha negativa y, adem\u00e1s, padeci\u00f3 distintos inconvenientes musculares que lo dejaron fuera de las canchas durante varias semanas. La ocasi\u00f3n m\u00e1s clara para cambiar la historia lleg\u00f3 en la derrota 3-0 frente a Belgrano, pero fall\u00f3 un penal y la sequ\u00eda se prolong\u00f3.<\/p>\n<p data-start=\"755\" data-end=\"1207\" data-is-last-node=\"\" data-is-only-node=\"\">Muy atr\u00e1s qued\u00f3 aquel Benedetto determinante y temido, el goleador que marc\u00f3 71 tantos en 172 presentaciones con la azul y oro y que incluso se gan\u00f3 un lugar en la Selecci\u00f3n Argentina. En contraste, el tramo final de su carrera estuvo atravesado por lesiones recurrentes, controversias y cortocircuitos internos, especialmente en Boca, donde qued\u00f3 en la memoria su cruce con Diego Mart\u00ednez y la ya c\u00e9lebre frase sobre \u201cnoches alegres, ma\u00f1anas tristes\u201d.<\/p>\n<\/div>\n<\/article>\n","protected":false},"excerpt":{"rendered":"<p>Dar\u00edo Benedetto\u00a0ya defini\u00f3 su pr\u00f3ximo destino luego de quedar libre en\u00a0Newells:\u00a0tiene ya todo listo para ser jugador de Barcelona de\u00a0Ecuador.<\/p>\n","protected":false},"author":1,"featured_media":28983,"comment_status":"closed","ping_status":"closed","sticky":false,"template":"","format":"standard","meta":{"footnotes":"","jetpack_publicize_message":"","jetpack_publicize_feature_enabled":true,"jetpack_social_post_already_shared":true,"jetpack_social_options":{"image_generator_settings":{"template":"highway","enabled":false},"version":2}},"categories":[9],"tags":[],"class_list":["post-28982","post","type-post","status-publish","format-standard","has-post-thumbnail","hentry","category-deportes"],"jetpack_publicize_connections":[],"_links":{"self":[{"href":"https:\/\/diariorepublica.com.ar\/web\/index.php\/wp-json\/wp\/v2\/posts\/28982"}],"collection":[{"href":"https:\/\/diariorepublica.com.ar\/web\/index.php\/wp-json\/wp\/v2\/posts"}],"about":[{"href":"https:\/\/diariorepublica.com.ar\/web\/index.php\/wp-json\/wp\/v2\/types\/post"}],"author":[{"embeddable":true,"href":"https:\/\/diariorepublica.com.ar\/web\/index.php\/wp-json\/wp\/v2\/users\/1"}],"replies":[{"embeddable":true,"href":"https:\/\/diariorepublica.com.ar\/web\/index.php\/wp-json\/wp\/v2\/comments?post=28982"}],"version-history":[{"count":1,"href":"https:\/\/diariorepublica.com.ar\/web\/index.php\/wp-json\/wp\/v2\/posts\/28982\/revisions"}],"predecessor-version":[{"id":28984,"href":"https:\/\/diariorepublica.com.ar\/web\/index.php\/wp-json\/wp\/v2\/posts\/28982\/revisions\/28984"}],"wp:featuredmedia":[{"embeddable":true,"href":"https:\/\/diariorepublica.com.ar\/web\/index.php\/wp-json\/wp\/v2\/media\/28983"}],"wp:attachment":[{"href":"https:\/\/diariorepublica.com.ar\/web\/index.php\/wp-json\/wp\/v2\/media?parent=28982"}],"wp:term":[{"taxonomy":"category","embeddable":true,"href":"https:\/\/diariorepublica.com.ar\/web\/index.php\/wp-json\/wp\/v2\/categories?post=28982"},{"taxonomy":"post_tag","embeddable":true,"href":"https:\/\/diariorepublica.com.ar\/web\/index.php\/wp-json\/wp\/v2\/tags?post=28982"}],"curies":[{"name":"wp","href":"https:\/\/api.w.org\/{rel}","templated":true}]}}