{"id":28985,"date":"2026-01-28T09:29:00","date_gmt":"2026-01-28T12:29:00","guid":{"rendered":"https:\/\/diariorepublica.com.ar\/web\/?p=28985"},"modified":"2026-01-28T16:30:35","modified_gmt":"2026-01-28T19:30:35","slug":"gran-hermano-generacion-dorada-ya-tiene-fecha","status":"publish","type":"post","link":"https:\/\/diariorepublica.com.ar\/web\/index.php\/espectaculos\/2026\/01\/28\/gran-hermano-generacion-dorada-ya-tiene-fecha\/","title":{"rendered":"Gran Hermano Generaci\u00f3n Dorada ya tiene fecha"},"content":{"rendered":"<article id=\"article-post\" class=\"first\">\n<div class=\"cuerpo\" data-twitter-link=\"https:\/\/twitter.com\/intent\/tweet?url=https:\/\/www.diariopopular.com.ar\/c883227&amp;via=poopulardiario&amp;related=Popular&amp;text=\">\n<p>La espera termin\u00f3, en la noche del lunes 26 de enero\u00a0<strong>Telefe<\/strong>\u00a0hizo el anuncio que tanto esperaba el mercado televisivo y confirm\u00f3 el regreso de la casa m\u00e1s famosa del pa\u00eds,\u00a0<strong>\u00abGran Hermano: Generaci\u00f3n Dorada\u00bb<\/strong>.<\/p>\n<\/div>\n<\/article>\n<article id=\"article-post\">\n<div class=\"cuerpo\" data-twitter-link=\"https:\/\/twitter.com\/intent\/tweet?url=https:\/\/www.diariopopular.com.ar\/c883227&amp;via=poopulardiario&amp;related=Popular&amp;text=\">\n<p><strong>\u201cLa expectativa es total, hay much\u00edsimo nerviosismo. Ya se empezaron a hacer las fotos y los castings, ya se est\u00e1n seleccionando a los participantes. La producci\u00f3n est\u00e1 trabajando no solo en la casa, que va a estar completamente renovada, sino que tambi\u00e9n ya est\u00e1n seleccionados los participantes. Esta generaci\u00f3n dorada va a dar que hablar\u201d<\/strong>\u00a0comparti\u00f3 la periodista\u00a0<strong>Luly Illbele<\/strong>\u00a0en\u00a0<strong>Telefe Noticias<\/strong>.<\/p>\n<div id=\"782395-557587552_wrap\" class=\"embed_cont type_video\" contenteditable=\"false\">\n<div id=\"782395-557587552_content\" class=\"embed_content\">\n<div id=\"782395-557587552_embed\">\n<div id=\"mediaPlayer_782395-557587552\"><iframe loading=\"lazy\" src=\"https:\/\/www.diariopopular.com.ar\/services\/embed.php?idAdjunto=782395&amp;idAdjuntoTamano=0&amp;width=622&amp;height=351&amp;tipo=video\" width=\"622\" height=\"351\" frameborder=\"0\" scrolling=\"no\" allowfullscreen=\"allowfullscreen\" data-gtm-yt-inspected-14=\"true\" data-mce-fragment=\"1\"><\/iframe><\/div>\n<\/div>\n<\/div>\n<div id=\"782395-557587552_epigrafe\" class=\"embed_epigrafe\"><\/div>\n<div id=\"782395-557587552_copyright\" class=\"embed_copyright\"><\/div>\n<\/div>\n<p>A\u00a0<strong>25 a\u00f1os<\/strong>\u00a0de su debut en la televisi\u00f3n argentina, este formato internacional busca reinventarse en nuestro pa\u00eds, bajo la conducci\u00f3n de\u00a0<strong>Santiago del Moro<\/strong>, quien volver\u00e1 a ponerse al frente del ciclo con mayor audiencia en los \u00faltimos a\u00f1os.<\/p>\n<p>Bajo el nombre de<strong>\u00a0\u00abGeneraci\u00f3n Dorada\u00bb<\/strong>, el canal de las pelotas apuesta a la renovaci\u00f3n del tradicional formato y si bien existe un hermetismo total sobre el casting y las novedades en reglas, el t\u00edtulo infiere un homenaje a la historia del reality o un particular casting de los nuevos participantes, que buscar\u00e1n la gloria en esta edici\u00f3n especial.<\/p>\n<div id=\"embed12_wrap\" class=\"embed_cont type_freetext\" contenteditable=\"false\">\n<div id=\"embed12_content\" class=\"embed_content\">\n<div id=\"embed12_embed\">\n<div class=\"video_container\"><iframe loading=\"lazy\" class=\"video_iframe\" src=\"https:\/\/www.youtube.com\/embed\/ABsXjbJZEYs\" width=\"100%\" height=\"360\" frameborder=\"0\" scrolling=\"no\" data-gtm-yt-inspected-14=\"true\" data-mce-fragment=\"1\"><\/iframe><\/div>\n<\/div>\n<\/div>\n<div id=\"embed12_epigrafe\" class=\"embed_epigrafe\"><\/div>\n<div id=\"embed12_copyright\" class=\"embed_copyright\"><\/div>\n<\/div>\n<p>La casa presentar\u00e1 una est\u00e9tica completamente renovada, tendr\u00e1<strong>\u00a0una playa, m\u00e1s habitaciones, el confesionario absolutamente hecho a nuevo<\/strong>, son algunas de las cosas m\u00e1s van a pasar en esta nueva casa de\u00a0<strong>\u00abGran Hermano: Generaci\u00f3n Dorada\u00bb<\/strong>.<\/p>\n<p>El \u00abBig Show\u00bb regresar\u00e1 al\u00a0<strong>prime time<\/strong>\u00a0de\u00a0<strong>Telefe\u00a0<\/strong>el\u00a0<strong>lunes 23 de febrero\u00a0<\/strong>para competir directamente por el liderazgo del 2026, marcando el retorno oficial de la\u00a0<strong>\u00abhermanoman\u00eda\u00bb<\/strong>\u00a0a la agenda medi\u00e1tica.<\/p>\n<\/div>\n<\/article>\n","protected":false},"excerpt":{"rendered":"<p>La espera termin\u00f3, en la noche del lunes 26 de enero\u00a0Telefe\u00a0hizo el anuncio que tanto esperaba el mercado televisivo y<\/p>\n","protected":false},"author":1,"featured_media":28986,"comment_status":"closed","ping_status":"closed","sticky":false,"template":"","format":"standard","meta":{"footnotes":"","jetpack_publicize_message":"","jetpack_publicize_feature_enabled":true,"jetpack_social_post_already_shared":true,"jetpack_social_options":{"image_generator_settings":{"template":"highway","enabled":false},"version":2}},"categories":[7],"tags":[],"class_list":["post-28985","post","type-post","status-publish","format-standard","has-post-thumbnail","hentry","category-espectaculos"],"jetpack_publicize_connections":[],"_links":{"self":[{"href":"https:\/\/diariorepublica.com.ar\/web\/index.php\/wp-json\/wp\/v2\/posts\/28985"}],"collection":[{"href":"https:\/\/diariorepublica.com.ar\/web\/index.php\/wp-json\/wp\/v2\/posts"}],"about":[{"href":"https:\/\/diariorepublica.com.ar\/web\/index.php\/wp-json\/wp\/v2\/types\/post"}],"author":[{"embeddable":true,"href":"https:\/\/diariorepublica.com.ar\/web\/index.php\/wp-json\/wp\/v2\/users\/1"}],"replies":[{"embeddable":true,"href":"https:\/\/diariorepublica.com.ar\/web\/index.php\/wp-json\/wp\/v2\/comments?post=28985"}],"version-history":[{"count":1,"href":"https:\/\/diariorepublica.com.ar\/web\/index.php\/wp-json\/wp\/v2\/posts\/28985\/revisions"}],"predecessor-version":[{"id":28987,"href":"https:\/\/diariorepublica.com.ar\/web\/index.php\/wp-json\/wp\/v2\/posts\/28985\/revisions\/28987"}],"wp:featuredmedia":[{"embeddable":true,"href":"https:\/\/diariorepublica.com.ar\/web\/index.php\/wp-json\/wp\/v2\/media\/28986"}],"wp:attachment":[{"href":"https:\/\/diariorepublica.com.ar\/web\/index.php\/wp-json\/wp\/v2\/media?parent=28985"}],"wp:term":[{"taxonomy":"category","embeddable":true,"href":"https:\/\/diariorepublica.com.ar\/web\/index.php\/wp-json\/wp\/v2\/categories?post=28985"},{"taxonomy":"post_tag","embeddable":true,"href":"https:\/\/diariorepublica.com.ar\/web\/index.php\/wp-json\/wp\/v2\/tags?post=28985"}],"curies":[{"name":"wp","href":"https:\/\/api.w.org\/{rel}","templated":true}]}}