{"id":28988,"date":"2026-01-28T14:30:00","date_gmt":"2026-01-28T17:30:00","guid":{"rendered":"https:\/\/diariorepublica.com.ar\/web\/?p=28988"},"modified":"2026-01-28T16:31:54","modified_gmt":"2026-01-28T19:31:54","slug":"colapinto-volvio-a-brillar-en-barcelona-y-marco-el-segundo-mejor-tiempo-con-alpine","status":"publish","type":"post","link":"https:\/\/diariorepublica.com.ar\/web\/index.php\/deportes\/2026\/01\/28\/colapinto-volvio-a-brillar-en-barcelona-y-marco-el-segundo-mejor-tiempo-con-alpine\/","title":{"rendered":"Colapinto volvi\u00f3 a brillar en Barcelona y marc\u00f3 el segundo mejor tiempo con Alpine"},"content":{"rendered":"<p><strong>Franco Colapinto volvi\u00f3 a subirse al Alpine A526 y dej\u00f3 una se\u00f1al m\u00e1s que alentadora en los ensayos privados que la F\u00f3rmula 1 desarrolla en el Circuito de Barcelona-Catalunya.\u00a0<\/strong>Luego de la ausencia de la escuder\u00eda francesa el martes, el equipo regres\u00f3 este mi\u00e9rcoles a la acci\u00f3n y el piloto argentino fue el encargado de abrir la sesi\u00f3n matinal, en lo que signific\u00f3 su segundo contacto en pista con el nuevo monoplaza de cara a la temporada 2026.<\/p>\n<p>Seg\u00fan inform\u00f3 Motorsport, Colapinto firm\u00f3 una actuaci\u00f3n muy s\u00f3lida y cerr\u00f3 la jornada con el\u00a0<strong>segundo mejor tiempo<\/strong>, solo superado por George Russell, quien logr\u00f3 el registro m\u00e1s r\u00e1pido sobre el final de los entrenamientos. El rendimiento del argentino fue uno de los puntos destacados de una sesi\u00f3n intensa, marcada adem\u00e1s por dos banderas rojas y el debut en pista del McLaren MCL40.<\/p>\n<article class=\"article-body par-3\">\n<div class=\"article-content\">\n<div class=\"news-body-paragraph\" data-twitter-link=\"\">\n<p>El piloto de 22 a\u00f1os complet\u00f3\u00a0<strong>56 vueltas<\/strong>, un n\u00famero importante dentro de una jornada enfocada en la recopilaci\u00f3n de datos y el desarrollo t\u00e9cnico. En ese contexto, Colapinto no solo mostr\u00f3 consistencia, sino que adem\u00e1s logr\u00f3 superar por\u00a0<strong>medio segundo al campe\u00f3n del mundo Lando Norris<\/strong>, quien gir\u00f3 en 33 oportunidades con el McLaren.<\/p>\n<\/div>\n<\/div>\n<\/article>\n<article class=\"article-body par-4\">\n<div class=\"article-content\">\n<div class=\"news-body-paragraph\" data-twitter-link=\"\">\n<p>El argentino se mantuvo competitivo durante gran parte de la sesi\u00f3n y evidenci\u00f3 una r\u00e1pida adaptaci\u00f3n al A526, un auto completamente nuevo y dise\u00f1ado bajo el reglamento t\u00e9cnico que entrar\u00e1 en vigencia en 2026. Alpine valor\u00f3 especialmente la continuidad del trabajo iniciado el lunes, cuando Colapinto ya hab\u00eda dejado buenas sensaciones.<\/p>\n<\/div>\n<\/div>\n<\/article>\n<article class=\"article-body par-5\">\n<div class=\"article-content\">\n<div class=\"news-body-paragraph\" data-twitter-link=\"\">\n<p>Adem\u00e1s de Colapinto, tambi\u00e9n tuvieron actividad Lando Norris (McLaren), Nico H\u00fclkenberg (Audi), Oliver Bearman (Haas) y Arvid Lindblad (Racing Bulls), en una jornada que reuni\u00f3 a varios equipos en plena fase de pruebas.<\/p>\n<p>El lunes, en su estreno oficial con el A526, Colapinto hab\u00eda completado\u00a0<strong>60 vueltas<\/strong>\u00a0y registrado el\u00a0<strong>tercer mejor tiempo<\/strong>, solo por detr\u00e1s de Isack Hadjar (Red Bull) y George Russell (Mercedes). Tras ese primer d\u00eda, el argentino se mostr\u00f3 entusiasmado con el desaf\u00edo que representa su primera temporada completa como piloto titular.<\/p>\n<p>\u201cEstoy muy contento de estar en mi primera temporada con un auto nuevo y con reglamentos nuevos. Los autos son muy diferentes y hay cambios grandes, eso siempre es emocionante\u201d, expres\u00f3 Colapinto, destacando el trabajo del equipo de Enstone para poner el coche en pista.<\/p>\n<p>El piloto argentino explic\u00f3 que los nuevos monoplazas obligan a modificar h\u00e1bitos y estilos de conducci\u00f3n. \u201cLa gesti\u00f3n de la energ\u00eda, los neum\u00e1ticos, que son m\u00e1s finos y peque\u00f1os, y otros cambios nos obligan a adaptarnos y readaptar nuestra forma de manejar. Hay muchas cosas por aprender y entender\u201d, se\u00f1al\u00f3.<\/p>\n<p>Ese proceso de adaptaci\u00f3n es clave para Alpine, que busca llegar de la mejor manera al inicio del campeonato. En ese sentido, el plan del equipo es que Colapinto contin\u00fae girando durante las cuatro horas de la sesi\u00f3n matinal, antes de cederle el auto a Pierre Gasly por la tarde.<\/p>\n<p>Para el franc\u00e9s ser\u00e1 su primera participaci\u00f3n en estos ensayos en Barcelona, luego de haber conducido el monoplaza la semana pasada durante el shakedown realizado en Silverstone.<\/p>\n<p>Con tiempos competitivos, buena cantidad de vueltas y sensaciones positivas, Colapinto sigue sumando argumentos en una pretemporada que reci\u00e9n empieza, pero que ya empieza a ilusionar a Alpine y a los fan\u00e1ticos argentinos de la F\u00f3rmula 1.<\/p>\n<\/div>\n<\/div>\n<\/article>\n","protected":false},"excerpt":{"rendered":"<p>Franco Colapinto volvi\u00f3 a subirse al Alpine A526 y dej\u00f3 una se\u00f1al m\u00e1s que alentadora en los ensayos privados que<\/p>\n","protected":false},"author":1,"featured_media":28989,"comment_status":"closed","ping_status":"closed","sticky":false,"template":"","format":"standard","meta":{"footnotes":"","jetpack_publicize_message":"","jetpack_publicize_feature_enabled":true,"jetpack_social_post_already_shared":true,"jetpack_social_options":{"image_generator_settings":{"template":"highway","enabled":false},"version":2}},"categories":[9],"tags":[],"class_list":["post-28988","post","type-post","status-publish","format-standard","has-post-thumbnail","hentry","category-deportes"],"jetpack_publicize_connections":[],"_links":{"self":[{"href":"https:\/\/diariorepublica.com.ar\/web\/index.php\/wp-json\/wp\/v2\/posts\/28988"}],"collection":[{"href":"https:\/\/diariorepublica.com.ar\/web\/index.php\/wp-json\/wp\/v2\/posts"}],"about":[{"href":"https:\/\/diariorepublica.com.ar\/web\/index.php\/wp-json\/wp\/v2\/types\/post"}],"author":[{"embeddable":true,"href":"https:\/\/diariorepublica.com.ar\/web\/index.php\/wp-json\/wp\/v2\/users\/1"}],"replies":[{"embeddable":true,"href":"https:\/\/diariorepublica.com.ar\/web\/index.php\/wp-json\/wp\/v2\/comments?post=28988"}],"version-history":[{"count":1,"href":"https:\/\/diariorepublica.com.ar\/web\/index.php\/wp-json\/wp\/v2\/posts\/28988\/revisions"}],"predecessor-version":[{"id":28990,"href":"https:\/\/diariorepublica.com.ar\/web\/index.php\/wp-json\/wp\/v2\/posts\/28988\/revisions\/28990"}],"wp:featuredmedia":[{"embeddable":true,"href":"https:\/\/diariorepublica.com.ar\/web\/index.php\/wp-json\/wp\/v2\/media\/28989"}],"wp:attachment":[{"href":"https:\/\/diariorepublica.com.ar\/web\/index.php\/wp-json\/wp\/v2\/media?parent=28988"}],"wp:term":[{"taxonomy":"category","embeddable":true,"href":"https:\/\/diariorepublica.com.ar\/web\/index.php\/wp-json\/wp\/v2\/categories?post=28988"},{"taxonomy":"post_tag","embeddable":true,"href":"https:\/\/diariorepublica.com.ar\/web\/index.php\/wp-json\/wp\/v2\/tags?post=28988"}],"curies":[{"name":"wp","href":"https:\/\/api.w.org\/{rel}","templated":true}]}}