{"id":29006,"date":"2026-01-28T18:22:48","date_gmt":"2026-01-28T21:22:48","guid":{"rendered":"https:\/\/diariorepublica.com.ar\/web\/?p=29006"},"modified":"2026-01-28T18:22:50","modified_gmt":"2026-01-28T21:22:50","slug":"volvemos-al-cole-2026-se-otorgaran-turnos-de-manera-online-para-la-atencion","status":"publish","type":"post","link":"https:\/\/diariorepublica.com.ar\/web\/index.php\/locales\/2026\/01\/28\/volvemos-al-cole-2026-se-otorgaran-turnos-de-manera-online-para-la-atencion\/","title":{"rendered":"\u201cVolvemos al Cole 2026\u201d: se otorgar\u00e1n turnos de manera online para la atenci\u00f3n"},"content":{"rendered":"<p>El Ministerio de Desarrollo Social informa que, a partir del 3 de febrero, los turnos del programa \u201cVolvemos al Cole 2026\u201d se otorgar\u00e1n de manera online a trav\u00e9s del sitio web oficial:\u00a0<a href=\"https:\/\/volvemosalcole.catamarca.gob.ar\/\" target=\"_blank\" rel=\"noopener\" data-saferedirecturl=\"https:\/\/www.google.com\/url?q=https:\/\/volvemosalcole.catamarca.gob.ar&amp;source=gmail&amp;ust=1769717242123000&amp;usg=AOvVaw2QbGJx4_N3wceL7fq3j5OS\">https:\/\/volvemosalcole.catamarca.gob.ar<\/a>.<\/p>\n<p>El servicio de atenci\u00f3n de salud infantil funciona de lunes a viernes, en los horarios de 7:00 a 13:00 y de 14:00 a 21:00, con 30 turnos por la ma\u00f1ana y 30 por la tarde, exclusivamente con turno previo. La atenci\u00f3n se desarrolla de manera presencial en el EDI Provincial, ubicado en Avenida Circunvalaci\u00f3n N\u00e9stor Kirchner y Ruta Nacional N\u00ba38, y est\u00e1 dirigida a ni\u00f1as, ni\u00f1os y adolescentes desde sala de 4 a\u00f1os hasta 6.\u00ba a\u00f1o del nivel secundario.<\/p>\n<p>Para acceder a la atenci\u00f3n, las familias deber\u00e1n presentar Documento Nacional de Identidad (DNI) y libreta sanitaria en condiciones.<\/p>\n<p>El programa \u201cVolvemos al Cole 2026\u201d es una pol\u00edtica p\u00fablica articulada entre los ministerios de Desarrollo Social y de Salud destinada a acompa\u00f1ar a las familias en el cuidado de la salud y la educaci\u00f3n de ni\u00f1as, ni\u00f1os y adolescentes, en el marco del inicio del ciclo lectivo.<\/p>\n<p>Desde su puesta en marcha a principios de enero, el programa ya concret\u00f3 m\u00e1s de 1.080 atenciones m\u00e9dicas, que incluyen controles integrales de salud: evaluaci\u00f3n antropom\u00e9trica, controles odontol\u00f3gicos y cl\u00ednicos, electrocardiograma, verificaci\u00f3n del esquema de vacunaci\u00f3n y estudios de laboratorio, requisitos fundamentales para el ingreso escolar. Se recuerda que el programa se extender\u00e1 hasta el 27 de febrero.<\/p>\n","protected":false},"excerpt":{"rendered":"<p>El Ministerio de Desarrollo Social informa que, a partir del 3 de febrero, los turnos del programa \u201cVolvemos al Cole<\/p>\n","protected":false},"author":1,"featured_media":29007,"comment_status":"closed","ping_status":"closed","sticky":false,"template":"","format":"standard","meta":{"footnotes":"","jetpack_publicize_message":"","jetpack_publicize_feature_enabled":true,"jetpack_social_post_already_shared":true,"jetpack_social_options":{"image_generator_settings":{"template":"highway","enabled":false},"version":2}},"categories":[2],"tags":[],"class_list":["post-29006","post","type-post","status-publish","format-standard","has-post-thumbnail","hentry","category-locales"],"jetpack_publicize_connections":[],"_links":{"self":[{"href":"https:\/\/diariorepublica.com.ar\/web\/index.php\/wp-json\/wp\/v2\/posts\/29006"}],"collection":[{"href":"https:\/\/diariorepublica.com.ar\/web\/index.php\/wp-json\/wp\/v2\/posts"}],"about":[{"href":"https:\/\/diariorepublica.com.ar\/web\/index.php\/wp-json\/wp\/v2\/types\/post"}],"author":[{"embeddable":true,"href":"https:\/\/diariorepublica.com.ar\/web\/index.php\/wp-json\/wp\/v2\/users\/1"}],"replies":[{"embeddable":true,"href":"https:\/\/diariorepublica.com.ar\/web\/index.php\/wp-json\/wp\/v2\/comments?post=29006"}],"version-history":[{"count":1,"href":"https:\/\/diariorepublica.com.ar\/web\/index.php\/wp-json\/wp\/v2\/posts\/29006\/revisions"}],"predecessor-version":[{"id":29008,"href":"https:\/\/diariorepublica.com.ar\/web\/index.php\/wp-json\/wp\/v2\/posts\/29006\/revisions\/29008"}],"wp:featuredmedia":[{"embeddable":true,"href":"https:\/\/diariorepublica.com.ar\/web\/index.php\/wp-json\/wp\/v2\/media\/29007"}],"wp:attachment":[{"href":"https:\/\/diariorepublica.com.ar\/web\/index.php\/wp-json\/wp\/v2\/media?parent=29006"}],"wp:term":[{"taxonomy":"category","embeddable":true,"href":"https:\/\/diariorepublica.com.ar\/web\/index.php\/wp-json\/wp\/v2\/categories?post=29006"},{"taxonomy":"post_tag","embeddable":true,"href":"https:\/\/diariorepublica.com.ar\/web\/index.php\/wp-json\/wp\/v2\/tags?post=29006"}],"curies":[{"name":"wp","href":"https:\/\/api.w.org\/{rel}","templated":true}]}}