{"id":29027,"date":"2026-01-29T10:54:06","date_gmt":"2026-01-29T13:54:06","guid":{"rendered":"https:\/\/diariorepublica.com.ar\/web\/?p=29027"},"modified":"2026-01-29T10:54:48","modified_gmt":"2026-01-29T13:54:48","slug":"rosario-central-le-gano-2-a-1-a-racing","status":"publish","type":"post","link":"https:\/\/diariorepublica.com.ar\/web\/index.php\/deportes\/2026\/01\/29\/rosario-central-le-gano-2-a-1-a-racing\/","title":{"rendered":"Rosario Central le gan\u00f3 2 a 1 a Racing"},"content":{"rendered":"<article id=\"article-post\" class=\"first\">\n<div class=\"cuerpo\" data-twitter-link=\"https:\/\/twitter.com\/intent\/tweet?url=https:\/\/www.diariopopular.com.ar\/c883447&amp;via=poopulardiario&amp;related=Popular&amp;text=\">\n<p><strong>En el marco de la segunda fecha del Torneo Apertura, Rosario Central le propin\u00f3 otro golpe a Racing: le gan\u00f3\u00a0<\/strong><strong>2 a 1 en el Cilindro de Avellaneda con un determinante \u00c1ngel Di Mar\u00eda.<\/strong>\u00a0El Canalla redonde\u00f3 un muy buen primer tiempo y\u00e9ndose 2 a 1 al descanso y sostuvo el resultado en el complemento.<\/p>\n<\/div>\n<\/article>\n<article id=\"article-post\">\n<div class=\"cuerpo\" data-twitter-link=\"https:\/\/twitter.com\/intent\/tweet?url=https:\/\/www.diariopopular.com.ar\/c883447&amp;via=poopulardiario&amp;related=Popular&amp;text=\">\n<p><strong>Central abri\u00f3 el marcador a los 24 minutos de juego con una genialidad de Di Mar\u00eda:\u00a0<\/strong>el campe\u00f3n del mundo<strong>\u00a0desparram\u00f3 a Santiago Sosa con un enganche y sac\u00f3 un excelsa definici\u00f3n tres dedos<\/strong>\u00a0que dej\u00f3 sin posibilidad, pese a la estirada, a Facundo Cambeses.<\/p>\n<p><strong>Y, a los 34 minutos, Di Mar\u00eda condujo un contraataque letal, en donde abri\u00f3 para Campaz y \u00e9ste tir\u00f3 el centro para V\u00e9liz, quien defini\u00f3 de primera y super\u00f3 al arquero de la Selecci\u00f3n Argentina.\u00a0<\/strong>Si no se vieran camisetas racinguistas en las tribunas, parec\u00eda que Central era local por la comodidad con la que jugaba y porque<strong>\u00a0Racing no hac\u00eda pie en un estado de juego malo por el cambio de c\u00e9sped que est\u00e1 llevando a cabo la dirigencia.<\/strong><\/p>\n<div id=\"embed92_wrap\" class=\"embed_cont type_freetext\" contenteditable=\"false\">\n<div id=\"embed92_content\" class=\"embed_content\">\n<div id=\"embed92_embed\"><iframe loading=\"lazy\" title=\"YouTube video player\" src=\"https:\/\/www.youtube.com\/embed\/30hkvb7wW8A?si=yz0eUDPLggcTD4n_\" width=\"560\" height=\"315\" frameborder=\"0\" allowfullscreen=\"allowfullscreen\" data-gtm-yt-inspected-13=\"true\" data-mce-fragment=\"1\"><\/iframe><\/div>\n<\/div>\n<div id=\"embed92_epigrafe\" class=\"embed_epigrafe\"><\/div>\n<div id=\"embed92_copyright\" class=\"embed_copyright\"><\/div>\n<\/div>\n<p>Sin embargo,\u00a0<strong>Racing encontr\u00f3 el descuento gracias a su jerarqu\u00eda: a los 45 minutos despu\u00e9s de un preciso centro de Santiago Solari, Maravilla Mart\u00ednez de cabeza puso a su equipo en partido.\u00a0<\/strong>El gol fue anulado por offside en un primer momento pero despu\u00e9s el VAR corrigi\u00f3 de manera correcta. De esta manera, Central se fue 2 a 1 arriba en el marcador al descanso.<\/p>\n<p>El Canalla, como muchos equipos de Jorge Almir\u00f3n, se tir\u00f3 atr\u00e1s con el resultado a favor y<strong>\u00a0el equipo de Gustavo Costas fue muy protagonista en el complemento y mereci\u00f3 la igualdad.\u00a0<\/strong>Matko Miljevic, en dos oportunidades, estuvo muy cerca de poner la igualdad.\u00a0<strong>Le falt\u00f3 mayor precisi\u00f3n en los metros finales ante un Central que defendi\u00f3 el resultado con u\u00f1as y dientes y consigui\u00f3 el objetivo, llev\u00e1ndose un triunfazo&#8230;<\/strong><\/p>\n<p>Con este triunfo,\u00a0<strong>Rosario Central se recuper\u00f3 de la ca\u00edda con Belgrano en el debut y tiene tres puntos sobre seis, mientras que Racing volvi\u00f3 a perder como en el estreno con Gimnasia y sigue sin sumar unidades.<\/strong>\u00a0Ahora, el Canalla recibir\u00e1 este domingo a River en el Gigante de Arroyito y la Academia visitar\u00e1 el lunes a Tigre.<\/p>\n<\/div>\n<\/article>\n","protected":false},"excerpt":{"rendered":"<p>En el marco de la segunda fecha del Torneo Apertura, Rosario Central le propin\u00f3 otro golpe a Racing: le gan\u00f3\u00a02<\/p>\n","protected":false},"author":1,"featured_media":29028,"comment_status":"closed","ping_status":"closed","sticky":false,"template":"","format":"standard","meta":{"footnotes":"","jetpack_publicize_message":"","jetpack_publicize_feature_enabled":true,"jetpack_social_post_already_shared":true,"jetpack_social_options":{"image_generator_settings":{"template":"highway","enabled":false},"version":2}},"categories":[9],"tags":[],"class_list":["post-29027","post","type-post","status-publish","format-standard","has-post-thumbnail","hentry","category-deportes"],"jetpack_publicize_connections":[],"_links":{"self":[{"href":"https:\/\/diariorepublica.com.ar\/web\/index.php\/wp-json\/wp\/v2\/posts\/29027"}],"collection":[{"href":"https:\/\/diariorepublica.com.ar\/web\/index.php\/wp-json\/wp\/v2\/posts"}],"about":[{"href":"https:\/\/diariorepublica.com.ar\/web\/index.php\/wp-json\/wp\/v2\/types\/post"}],"author":[{"embeddable":true,"href":"https:\/\/diariorepublica.com.ar\/web\/index.php\/wp-json\/wp\/v2\/users\/1"}],"replies":[{"embeddable":true,"href":"https:\/\/diariorepublica.com.ar\/web\/index.php\/wp-json\/wp\/v2\/comments?post=29027"}],"version-history":[{"count":2,"href":"https:\/\/diariorepublica.com.ar\/web\/index.php\/wp-json\/wp\/v2\/posts\/29027\/revisions"}],"predecessor-version":[{"id":29030,"href":"https:\/\/diariorepublica.com.ar\/web\/index.php\/wp-json\/wp\/v2\/posts\/29027\/revisions\/29030"}],"wp:featuredmedia":[{"embeddable":true,"href":"https:\/\/diariorepublica.com.ar\/web\/index.php\/wp-json\/wp\/v2\/media\/29028"}],"wp:attachment":[{"href":"https:\/\/diariorepublica.com.ar\/web\/index.php\/wp-json\/wp\/v2\/media?parent=29027"}],"wp:term":[{"taxonomy":"category","embeddable":true,"href":"https:\/\/diariorepublica.com.ar\/web\/index.php\/wp-json\/wp\/v2\/categories?post=29027"},{"taxonomy":"post_tag","embeddable":true,"href":"https:\/\/diariorepublica.com.ar\/web\/index.php\/wp-json\/wp\/v2\/tags?post=29027"}],"curies":[{"name":"wp","href":"https:\/\/api.w.org\/{rel}","templated":true}]}}