{"id":29031,"date":"2026-01-29T13:55:00","date_gmt":"2026-01-29T16:55:00","guid":{"rendered":"https:\/\/diariorepublica.com.ar\/web\/?p=29031"},"modified":"2026-01-29T10:56:37","modified_gmt":"2026-01-29T13:56:37","slug":"salarios-de-empleadas-domesticas-cuanto-van-a-cobrar-en-febrero-2026","status":"publish","type":"post","link":"https:\/\/diariorepublica.com.ar\/web\/index.php\/economia\/2026\/01\/29\/salarios-de-empleadas-domesticas-cuanto-van-a-cobrar-en-febrero-2026\/","title":{"rendered":"Salarios de empleadas dom\u00e9sticas: cu\u00e1nto van a cobrar en febrero 2026"},"content":{"rendered":"<article class=\"article-body article-body--first-paragraph content-protected-false\" data-td-script-src=\"https:\/\/www.ambito.com\/td\/modulos\/encuestas\/js\/function-embeds-min-version-1769659585.js\">\n<p data-start=\"0\" data-end=\"380\">Las empleadas de casas particulares ya pueden calcular de cu\u00e1nto ser\u00e1 el salario a percibir en febrero de 2026. Durante el primer mes del a\u00f1o,\u00a0<strong>no se definieron nuevas actualizaciones paritarias para la actividad.\u00a0<\/strong>Como consecuencia, contin\u00faan en aplicaci\u00f3n los valores fijados en la \u00faltima resoluci\u00f3n oficial, diferenciados por\u00a0<strong data-start=\"304\" data-end=\"325\">categor\u00eda laboral<\/strong>\u00a0y por\u00a0<strong data-start=\"332\" data-end=\"361\">modalidad de contrataci\u00f3n<\/strong>, con o sin retiro.<\/p>\n<\/article>\n<article class=\"article-body article-body--second-paragraph content-protected-false\">\n<p data-start=\"382\" data-end=\"742\">Un punto relevante del esquema actual es que las\u00a0<strong data-start=\"431\" data-end=\"457\">sumas no remunerativas<\/strong>\u00a0abonadas en\u00a0<strong data-start=\"470\" data-end=\"495\">noviembre y diciembre<\/strong>\u00a0pasaron a\u00a0<strong>integrarse de manera definitiva al salario b\u00e1sico<\/strong>\u00a0a partir de\u00a0<strong data-start=\"568\" data-end=\"577\">enero<\/strong>. Esa incorporaci\u00f3n impact\u00f3 tanto en el\u00a0<strong data-start=\"617\" data-end=\"631\">valor hora<\/strong>\u00a0como en los\u00a0<strong data-start=\"644\" data-end=\"665\">sueldos mensuales<\/strong>, que quedaron consolidados en niveles m\u00e1s altos respecto del cierre de 2025.<\/p>\n<article class=\"article-body article-body--third-paragraph content-protected-false\">\n<p data-start=\"744\" data-end=\"1167\">M\u00e1s all\u00e1 del haber b\u00e1sico, el r\u00e9gimen contempla\u00a0<strong data-start=\"792\" data-end=\"831\">adicionales de car\u00e1cter obligatorio<\/strong>. Entre ellos se encuentra el\u00a0<strong data-start=\"861\" data-end=\"884\">plus por antig\u00fcedad<\/strong>, que equivale al\u00a0<strong data-start=\"902\" data-end=\"951\">1% del salario mensual por cada a\u00f1o trabajado<\/strong>. A su vez, en determinadas jurisdicciones y bajo condiciones espec\u00edficas, corresponde el\u00a0<strong data-start=\"1041\" data-end=\"1076\">adicional por zona desfavorable<\/strong>, que incrementa el ingreso de las trabajadoras en provincias alcanzadas por ese beneficio.<\/p>\n<\/article>\n<article class=\"article-body article-body--fourth-paragraph content-protected-false\">\n<p id=\"c\u00f3mo-quedaron-los-salarios-de-las-empleadas-dom\u00e9sticas\"><strong>C\u00f3mo qued\u00f3 la escala salarial por categor\u00eda por enero 2026<\/strong><\/p>\n<p><strong>Primera categor\u00eda \u2013 Supervisores\/as<\/strong><\/p>\n<\/article>\n<article class=\"article-body article-body--fifth-paragraph content-protected-false\"><strong>Con retiro<\/strong><\/p>\n<\/article>\n<article class=\"article-body article-body--remaining-paragraph content-protected-false\">\n<ul>\n<li>$3.895,56 por hora<\/li>\n<li>$485.961,09 mensuales<\/li>\n<\/ul>\n<p><strong>Sin retiro<\/strong><\/p>\n<ul>\n<li>$4.254,05 por hora<\/li>\n<li>$539.711,97 mensuales<\/li>\n<\/ul>\n<p><strong>Segunda categor\u00eda \u2013 Tareas espec\u00edficas<\/strong><\/p>\n<p><strong>Con retiro<\/strong><\/p>\n<ul>\n<li>$3.696,15 por hora<\/li>\n<li>$452.478,51 mensuales<\/li>\n<\/ul>\n<p><strong>Sin retiro<\/strong><\/p>\n<ul>\n<li>$4.039,45 por hora<\/li>\n<li>$502.101,03 mensuales<\/li>\n<\/ul>\n<p><strong>Tercera categor\u00eda \u2013 Caseros<\/strong><\/p>\n<ul>\n<li>$3.494,25 por hora<\/li>\n<li>$441.806,54 mensuales<\/li>\n<\/ul>\n<p><strong>Cuarta categor\u00eda \u2013 Asistencia y cuidado de personas<\/strong><\/p>\n<p><strong>Con retiro<\/strong><\/p>\n<ul>\n<li>$3.494,25 por hora<\/li>\n<li>$441.806,54 mensuales<\/li>\n<\/ul>\n<p><strong>Sin retiro<\/strong><\/p>\n<ul>\n<li>$3.894,43 por hora<\/li>\n<li>$490.745,56 mensuales<\/li>\n<\/ul>\n<p><strong>Quinta categor\u00eda \u2013 Tareas generales<\/strong><\/p>\n<p><strong>Con retiro<\/strong><\/p>\n<ul>\n<li>$3.250,10 por hora<\/li>\n<li>$398.722,14 mensuales<\/li>\n<\/ul>\n<p><strong>Sin retiro<\/strong><\/p>\n<ul>\n<li>$3.494,25 por hora<\/li>\n<li>$441.806,54 mensuales<\/li>\n<\/ul>\n<\/article>\n<\/article>\n","protected":false},"excerpt":{"rendered":"<p>Las empleadas de casas particulares ya pueden calcular de cu\u00e1nto ser\u00e1 el salario a percibir en febrero de 2026. Durante<\/p>\n","protected":false},"author":1,"featured_media":29032,"comment_status":"closed","ping_status":"closed","sticky":false,"template":"","format":"standard","meta":{"footnotes":"","jetpack_publicize_message":"","jetpack_publicize_feature_enabled":true,"jetpack_social_post_already_shared":true,"jetpack_social_options":{"image_generator_settings":{"template":"highway","enabled":false},"version":2}},"categories":[5],"tags":[],"class_list":["post-29031","post","type-post","status-publish","format-standard","has-post-thumbnail","hentry","category-economia"],"jetpack_publicize_connections":[],"_links":{"self":[{"href":"https:\/\/diariorepublica.com.ar\/web\/index.php\/wp-json\/wp\/v2\/posts\/29031"}],"collection":[{"href":"https:\/\/diariorepublica.com.ar\/web\/index.php\/wp-json\/wp\/v2\/posts"}],"about":[{"href":"https:\/\/diariorepublica.com.ar\/web\/index.php\/wp-json\/wp\/v2\/types\/post"}],"author":[{"embeddable":true,"href":"https:\/\/diariorepublica.com.ar\/web\/index.php\/wp-json\/wp\/v2\/users\/1"}],"replies":[{"embeddable":true,"href":"https:\/\/diariorepublica.com.ar\/web\/index.php\/wp-json\/wp\/v2\/comments?post=29031"}],"version-history":[{"count":1,"href":"https:\/\/diariorepublica.com.ar\/web\/index.php\/wp-json\/wp\/v2\/posts\/29031\/revisions"}],"predecessor-version":[{"id":29033,"href":"https:\/\/diariorepublica.com.ar\/web\/index.php\/wp-json\/wp\/v2\/posts\/29031\/revisions\/29033"}],"wp:featuredmedia":[{"embeddable":true,"href":"https:\/\/diariorepublica.com.ar\/web\/index.php\/wp-json\/wp\/v2\/media\/29032"}],"wp:attachment":[{"href":"https:\/\/diariorepublica.com.ar\/web\/index.php\/wp-json\/wp\/v2\/media?parent=29031"}],"wp:term":[{"taxonomy":"category","embeddable":true,"href":"https:\/\/diariorepublica.com.ar\/web\/index.php\/wp-json\/wp\/v2\/categories?post=29031"},{"taxonomy":"post_tag","embeddable":true,"href":"https:\/\/diariorepublica.com.ar\/web\/index.php\/wp-json\/wp\/v2\/tags?post=29031"}],"curies":[{"name":"wp","href":"https:\/\/api.w.org\/{rel}","templated":true}]}}