{"id":29034,"date":"2026-01-30T17:02:44","date_gmt":"2026-01-30T20:02:44","guid":{"rendered":"https:\/\/diariorepublica.com.ar\/web\/?p=29034"},"modified":"2026-01-30T17:02:46","modified_gmt":"2026-01-30T20:02:46","slug":"argentina-recomienda-no-viajar-a-cuba-ante-el-deterioro-de-las-condiciones-en-ese-pais","status":"publish","type":"post","link":"https:\/\/diariorepublica.com.ar\/web\/index.php\/nacionales\/2026\/01\/30\/argentina-recomienda-no-viajar-a-cuba-ante-el-deterioro-de-las-condiciones-en-ese-pais\/","title":{"rendered":"Argentina recomienda no viajar a Cuba ante el \u201cdeterioro de las condiciones\u201d en ese pa\u00eds"},"content":{"rendered":"<p>El Gobierno argentino recomend\u00f3 este viernes a los ciudadanos no viajar a Cuba ante el \u201cdeterioro de las condiciones de vida\u201d en ese pa\u00eds.<\/p>\n<p title=\"__IP__\" data-ipspy=\"__IP__\">\u201cAnte el deterioro de las condiciones de vida en Cuba, se recomienda a los ciudadanos argentinos evitar o posponer viajes tur\u00edsticos a la isla. Se sugiere a quienes residan actualmente en ese pa\u00eds mantenerse atentos a la evoluci\u00f3n de la situaci\u00f3n\u201d, indic\u00f3 la Canciller\u00eda, que conduce\u00a0<strong>Pablo Quirno<\/strong>.<\/p>\n<p title=\"__IP__\" data-ipspy=\"__IP__\">El Ministerio de Relaciones Exteriores consign\u00f3 que\u00a0<strong>\u201cse registran faltantes de combustible, incluso en zonas tur\u00edsticas, interrupciones prolongadas del suministro el\u00e9ctrico<\/strong>, afectaciones en el acceso al agua corriente y escasez de alimentos y medicamentos\u201d.<\/p>\n<p title=\"__IP__\" data-ipspy=\"__IP__\">La recomendaci\u00f3n del Gobierno argentino llega en momentos en que<strong>\u00a0se especula con una posible intervenci\u00f3n de Estados Unidos en ese pa\u00eds<\/strong>, despu\u00e9s de la incursi\u00f3n militar en Venezuela de principios de enero que derroc\u00f3 al presidente bolivariano\u00a0<strong>Nicol\u00e1s Maduro<\/strong><\/p>\n\n\n<p><\/p>\n","protected":false},"excerpt":{"rendered":"<p>El Gobierno argentino recomend\u00f3 este viernes a los ciudadanos no viajar a Cuba ante el \u201cdeterioro de las condiciones de<\/p>\n","protected":false},"author":1,"featured_media":29035,"comment_status":"closed","ping_status":"closed","sticky":false,"template":"","format":"standard","meta":{"footnotes":"","jetpack_publicize_message":"","jetpack_publicize_feature_enabled":true,"jetpack_social_post_already_shared":true,"jetpack_social_options":{"image_generator_settings":{"template":"highway","enabled":false},"version":2}},"categories":[4],"tags":[],"class_list":["post-29034","post","type-post","status-publish","format-standard","has-post-thumbnail","hentry","category-nacionales"],"jetpack_publicize_connections":[],"_links":{"self":[{"href":"https:\/\/diariorepublica.com.ar\/web\/index.php\/wp-json\/wp\/v2\/posts\/29034"}],"collection":[{"href":"https:\/\/diariorepublica.com.ar\/web\/index.php\/wp-json\/wp\/v2\/posts"}],"about":[{"href":"https:\/\/diariorepublica.com.ar\/web\/index.php\/wp-json\/wp\/v2\/types\/post"}],"author":[{"embeddable":true,"href":"https:\/\/diariorepublica.com.ar\/web\/index.php\/wp-json\/wp\/v2\/users\/1"}],"replies":[{"embeddable":true,"href":"https:\/\/diariorepublica.com.ar\/web\/index.php\/wp-json\/wp\/v2\/comments?post=29034"}],"version-history":[{"count":1,"href":"https:\/\/diariorepublica.com.ar\/web\/index.php\/wp-json\/wp\/v2\/posts\/29034\/revisions"}],"predecessor-version":[{"id":29036,"href":"https:\/\/diariorepublica.com.ar\/web\/index.php\/wp-json\/wp\/v2\/posts\/29034\/revisions\/29036"}],"wp:featuredmedia":[{"embeddable":true,"href":"https:\/\/diariorepublica.com.ar\/web\/index.php\/wp-json\/wp\/v2\/media\/29035"}],"wp:attachment":[{"href":"https:\/\/diariorepublica.com.ar\/web\/index.php\/wp-json\/wp\/v2\/media?parent=29034"}],"wp:term":[{"taxonomy":"category","embeddable":true,"href":"https:\/\/diariorepublica.com.ar\/web\/index.php\/wp-json\/wp\/v2\/categories?post=29034"},{"taxonomy":"post_tag","embeddable":true,"href":"https:\/\/diariorepublica.com.ar\/web\/index.php\/wp-json\/wp\/v2\/tags?post=29034"}],"curies":[{"name":"wp","href":"https:\/\/api.w.org\/{rel}","templated":true}]}}