{"id":29037,"date":"2026-01-30T13:03:00","date_gmt":"2026-01-30T16:03:00","guid":{"rendered":"https:\/\/diariorepublica.com.ar\/web\/?p=29037"},"modified":"2026-01-30T17:04:35","modified_gmt":"2026-01-30T20:04:35","slug":"el-gobierno-lanzo-el-nuevo-dni-electronico-y-modifico-el-pasaporte","status":"publish","type":"post","link":"https:\/\/diariorepublica.com.ar\/web\/index.php\/nacionales\/2026\/01\/30\/el-gobierno-lanzo-el-nuevo-dni-electronico-y-modifico-el-pasaporte\/","title":{"rendered":"El Gobierno lanz\u00f3 el nuevo DNI electr\u00f3nico y modific\u00f3 el pasaporte"},"content":{"rendered":"<article class=\"article-body article-body--first-paragraph content-protected-false\" data-td-script-src=\"https:\/\/www.ambito.com\/td\/modulos\/encuestas\/js\/function-embeds-min-version-1769746078.js\">\n<p data-start=\"512\" data-end=\"772\">El Gobierno nacional oficializ\u00f3\u00a0<strong data-start=\"544\" data-end=\"621\">l<\/strong>a creaci\u00f3n de un nuevo Documento Nacional de Identidad (DNI) electr\u00f3nico\u00a0y una serie de\u00a0<strong data-start=\"637\" data-end=\"681\">modificaciones en el pasaporte argentino<\/strong>, con el objetivo de adecuarlos a los est\u00e1ndares internacionales de seguridad y tecnolog\u00eda.<\/p>\n<\/article>\n<article class=\"article-body article-body--second-paragraph content-protected-false\">\n<p data-start=\"774\" data-end=\"996\">Las medidas quedaron formalizadas a trav\u00e9s de las\u00a0<strong data-start=\"824\" data-end=\"859\">disposiciones 54\/2026 y 55\/2026<\/strong>, publicadas este jueves en el Bolet\u00edn Oficial, y\u00a0<strong data-start=\"909\" data-end=\"958\">entrar\u00e1n en vigencia el 1\u00b0 de febrero de 2026<\/strong>, seg\u00fan se estableci\u00f3 en ambos textos.<\/p>\n<article class=\"article-body article-body--third-paragraph content-protected-false\">\n<p data-start=\"998\" data-end=\"1373\">Desde la\u00a0<strong data-start=\"1007\" data-end=\"1065\">Direcci\u00f3n Nacional del Registro de las Personas (DNRP)<\/strong>\u00a0explicaron que los cambios responden a la necesidad de\u00a0<strong data-start=\"1121\" data-end=\"1207\">cumplir con la normativa de la Organizaci\u00f3n de Aviaci\u00f3n Civil Internacional (OACI)<\/strong>, en particular la\u00a0<strong data-start=\"1226\" data-end=\"1247\">N\u00b0 9303\/2015\/2021<\/strong>, que promueve el uso de\u00a0<strong data-start=\"1272\" data-end=\"1328\">nuevas tecnolog\u00edas y mayores est\u00e1ndares de seguridad<\/strong>\u00a0en los documentos de identificaci\u00f3n y viaje.<\/p>\n<\/article>\n<article class=\"article-body article-body--fourth-paragraph content-protected-false\">\n<h2>C\u00f3mo ser\u00e1 el nuevo DNI electr\u00f3nico<\/h2>\n<p data-start=\"1419\" data-end=\"1643\">El nuevo DNI ser\u00e1 una\u00a0<strong data-start=\"1441\" data-end=\"1479\">tarjeta de policarbonato multicapa<\/strong>, con\u00a0<strong data-start=\"1485\" data-end=\"1557\">grabados l\u00e1ser, impresi\u00f3n por chorro de tinta y un chip sin contacto<\/strong>, lo que permitir\u00e1\u00a0<strong data-start=\"1576\" data-end=\"1642\">mejorar la durabilidad y la protecci\u00f3n de los datos personales<\/strong>.<\/p>\n<\/article>\n<article class=\"article-body article-body--fifth-paragraph content-protected-false\">\n<p data-start=\"1645\" data-end=\"1947\">Para\u00a0<strong data-start=\"1650\" data-end=\"1694\">ciudadanos argentinos mayores de 14 a\u00f1os<\/strong>, el documento incorporar\u00e1 el\u00a0<strong data-start=\"1724\" data-end=\"1743\">escudo nacional<\/strong>, la inscripci\u00f3n\u00a0<strong data-start=\"1760\" data-end=\"1856\">\u201cRep\u00fablica Argentina \u2013 Mercosur. Registro Nacional de las Personas. Ministerio del Interior\u201d<\/strong>, la leyenda\u00a0<strong data-start=\"1869\" data-end=\"1906\">\u201cDocumento Nacional de Identidad\u201d<\/strong>\u00a0y una\u00a0<strong data-start=\"1913\" data-end=\"1946\">fotograf\u00eda a color, de frente<\/strong>.<\/p>\n<\/article>\n<article class=\"article-body article-body--remaining-paragraph content-protected-false\">\n<figure id=\"8182285-Libre-652771969_wrap\" class=\"embed_cont type_imagen\" contenteditable=\"false\">\n<div id=\"8182285-Libre-652771969_content\" class=\"embed_content\"><img loading=\"lazy\" decoding=\"async\" id=\"8182285-Libre-652771969_embed\" title=\"El reverso del DNI.\" src=\"https:\/\/media.ambito.com\/p\/3fc19a7bb7f5d713c7692844b0bfaab8\/adjuntos\/239\/imagenes\/043\/138\/0043138050\/730x0\/smart\/whatsapp-image-2026-01-30-at-115648-am.jpeg\" alt=\"El reverso del DNI.\" width=\"730\" height=\"479\" data-td-src-property=\"https:\/\/media.ambito.com\/p\/3fc19a7bb7f5d713c7692844b0bfaab8\/adjuntos\/239\/imagenes\/043\/138\/0043138050\/730x0\/smart\/whatsapp-image-2026-01-30-at-115648-am.jpeg\" \/><\/div><figcaption class=\"embed_wrapper-cont\">\n<div id=\"8182285-Libre-652771969_epigrafe\" class=\"embed_epigrafe\">\n<p>El reverso del DNI.<\/p>\n<\/div>\n<\/figcaption><\/figure>\n<p data-start=\"1949\" data-end=\"2274\">Adem\u00e1s, contendr\u00e1\u00a0<strong data-start=\"1967\" data-end=\"1988\">nombre y apellido<\/strong>, sexo,\u00a0<strong data-start=\"1996\" data-end=\"2013\">n\u00famero de DNI<\/strong>, fecha de emisi\u00f3n y vencimiento, nacionalidad, ejemplar,\u00a0<strong data-start=\"2071\" data-end=\"2094\">fecha de nacimiento<\/strong>, n\u00famero de serie grabado por l\u00e1ser,\u00a0<strong data-start=\"2131\" data-end=\"2145\">c\u00f3digo CAN<\/strong>, imagen fantasma y\u00a0<strong data-start=\"2165\" data-end=\"2186\">firma del titular<\/strong>. En los casos en que la persona no sepa o no pueda firmar, ese campo quedar\u00e1 en blanco.<\/p>\n<p data-start=\"2276\" data-end=\"2452\">La normativa tambi\u00e9n confirm\u00f3 que los\u00a0<strong data-start=\"2314\" data-end=\"2345\">ex combatientes de Malvinas<\/strong>\u00a0conservar\u00e1n la leyenda que los identifica como\u00a0<strong data-start=\"2393\" data-end=\"2451\">\u201cH\u00e9roe\u201d o \u201cHero\u00edna de la Guerra de las Islas Malvinas\u201d<\/strong>.<\/p>\n<p data-start=\"2454\" data-end=\"2586\">En el caso de los\u00a0<strong data-start=\"2472\" data-end=\"2505\">DNI para personas extranjeras<\/strong>, el formato y los elementos ser\u00e1n los mismos que para los ciudadanos argentinos.<\/p>\n<p><strong>DNI para menores y reci\u00e9n nacidos<\/strong><\/p>\n<p data-start=\"2631\" data-end=\"2884\">Los\u00a0<strong data-start=\"2635\" data-end=\"2657\">menores de 14 a\u00f1os<\/strong>\u00a0recibir\u00e1n un DNI con iguales caracter\u00edsticas. Para los\u00a0<strong data-start=\"2713\" data-end=\"2740\">ni\u00f1os menores de 5 a\u00f1os<\/strong>, la firma corresponder\u00e1 al padre, madre, tutor o representante legal, mientras que\u00a0<strong data-start=\"2824\" data-end=\"2883\">a partir de los 5 a\u00f1os se registrar\u00e1 la firma del menor<\/strong>.<\/p>\n<p data-start=\"2886\" data-end=\"3108\">Para los\u00a0<strong data-start=\"2895\" data-end=\"2977\">reci\u00e9n nacidos que no puedan ser trasladados por razones de salud certificadas<\/strong>, se emitir\u00e1 un\u00a0<strong data-start=\"2993\" data-end=\"3019\">DNI \u201c0 A\u00f1o\u201d provisorio<\/strong>, v\u00e1lido \u00fanicamente dentro del territorio nacional y con datos biogr\u00e1ficos y filiatorios.<\/p>\n<p data-start=\"3110\" data-end=\"3364\">En el dorso del DNI se incluir\u00e1\u00a0<strong data-start=\"3142\" data-end=\"3238\">domicilio, lugar de nacimiento, CUIL, n\u00famero de tr\u00e1mite, c\u00f3digo QR, zona de lectura mec\u00e1nica<\/strong>\u00a0e imagen fantasma. En el caso de ciudadanos extranjeros, se sumar\u00e1\u00a0<strong data-start=\"3306\" data-end=\"3363\">pa\u00eds de nacimiento, juzgado y fecha de naturalizaci\u00f3n<\/strong>.<\/p>\n<p><strong>Cambios en el pasaporte argentino<\/strong><\/p>\n<p data-start=\"3409\" data-end=\"3662\">En paralelo, el Gobierno defini\u00f3 un\u00a0<strong data-start=\"3445\" data-end=\"3479\">nuevo dise\u00f1o para el pasaporte<\/strong>, que pasar\u00e1 a tener\u00a0<strong data-start=\"3500\" data-end=\"3514\">34 p\u00e1ginas<\/strong>\u00a0y una\u00a0<strong data-start=\"3521\" data-end=\"3578\">hoja de policarbonato personalizada con grabado l\u00e1ser<\/strong>, en l\u00ednea con los\u00a0<strong data-start=\"3597\" data-end=\"3661\">est\u00e1ndares internacionales de seguridad y resistencia f\u00edsica<\/strong>.<\/p>\n<figure id=\"8182287-Libre-1887955205_wrap\" class=\"embed_cont type_imagen\" contenteditable=\"false\">\n<div id=\"8182287-Libre-1887955205_content\" class=\"embed_content\"><img loading=\"lazy\" decoding=\"async\" id=\"8182287-Libre-1887955205_embed\" title=\"La nueva tapa y contratapa del pasaporte.\" src=\"https:\/\/media.ambito.com\/p\/8093aeb68d8d354a62d1b3ce16e4de79\/adjuntos\/239\/imagenes\/043\/138\/0043138052\/730x0\/smart\/image.png\" alt=\"La nueva tapa y contratapa del pasaporte.\" width=\"730\" height=\"575\" data-td-src-property=\"https:\/\/media.ambito.com\/p\/8093aeb68d8d354a62d1b3ce16e4de79\/adjuntos\/239\/imagenes\/043\/138\/0043138052\/730x0\/smart\/image.png\" \/><\/div><figcaption class=\"embed_wrapper-cont\">\n<div id=\"8182287-Libre-1887955205_epigrafe\" class=\"embed_epigrafe\">\n<p>La nueva tapa y contratapa del pasaporte.<\/p>\n<\/div>\n<\/figcaption><\/figure>\n<p data-start=\"3664\" data-end=\"3889\">Seg\u00fan indicaron desde el organismo, el objetivo es\u00a0<strong data-start=\"3715\" data-end=\"3765\">reforzar la protecci\u00f3n de los datos personales<\/strong>\u00a0y\u00a0<strong data-start=\"3768\" data-end=\"3818\">elevar el nivel de confiabilidad del documento<\/strong>, tanto para ciudadanos argentinos como para extranjeros que lo porten.<\/p>\n<p><strong data-start=\"3895\" data-end=\"3935\">Qu\u00e9 pasa con los documentos actuales<\/strong><\/p>\n<p data-start=\"3937\" data-end=\"4133\">La DNRP aclar\u00f3 que\u00a0<strong data-start=\"3956\" data-end=\"4082\">los pasaportes emitidos antes de la entrada en vigencia de la medida seguir\u00e1n siendo v\u00e1lidos hasta su fecha de vencimiento<\/strong>, salvo que una futura norma disponga lo contrario.<\/p>\n<p data-start=\"4135\" data-end=\"4418\">Durante el per\u00edodo de transici\u00f3n, se continuar\u00e1 utilizando\u00a0<strong data-start=\"4194\" data-end=\"4229\">el stock de insumos disponibles<\/strong>, por lo que los pasaportes confeccionados con materiales actuales\u00a0<strong data-start=\"4296\" data-end=\"4321\">mantendr\u00e1n su validez<\/strong>, una decisi\u00f3n que apunta a\u00a0<strong data-start=\"4349\" data-end=\"4417\">optimizar recursos y evitar el desperdicio de insumos del Estado<\/strong>.<\/p>\n<p data-start=\"4135\" data-end=\"4418\">ambito.com<\/p>\n<\/article>\n<\/article>\n","protected":false},"excerpt":{"rendered":"<p>El Gobierno nacional oficializ\u00f3\u00a0la creaci\u00f3n de un nuevo Documento Nacional de Identidad (DNI) electr\u00f3nico\u00a0y una serie de\u00a0modificaciones en el pasaporte<\/p>\n","protected":false},"author":1,"featured_media":29038,"comment_status":"closed","ping_status":"closed","sticky":false,"template":"","format":"standard","meta":{"footnotes":"","jetpack_publicize_message":"","jetpack_publicize_feature_enabled":true,"jetpack_social_post_already_shared":true,"jetpack_social_options":{"image_generator_settings":{"template":"highway","enabled":false},"version":2}},"categories":[4],"tags":[],"class_list":["post-29037","post","type-post","status-publish","format-standard","has-post-thumbnail","hentry","category-nacionales"],"jetpack_publicize_connections":[],"_links":{"self":[{"href":"https:\/\/diariorepublica.com.ar\/web\/index.php\/wp-json\/wp\/v2\/posts\/29037"}],"collection":[{"href":"https:\/\/diariorepublica.com.ar\/web\/index.php\/wp-json\/wp\/v2\/posts"}],"about":[{"href":"https:\/\/diariorepublica.com.ar\/web\/index.php\/wp-json\/wp\/v2\/types\/post"}],"author":[{"embeddable":true,"href":"https:\/\/diariorepublica.com.ar\/web\/index.php\/wp-json\/wp\/v2\/users\/1"}],"replies":[{"embeddable":true,"href":"https:\/\/diariorepublica.com.ar\/web\/index.php\/wp-json\/wp\/v2\/comments?post=29037"}],"version-history":[{"count":1,"href":"https:\/\/diariorepublica.com.ar\/web\/index.php\/wp-json\/wp\/v2\/posts\/29037\/revisions"}],"predecessor-version":[{"id":29039,"href":"https:\/\/diariorepublica.com.ar\/web\/index.php\/wp-json\/wp\/v2\/posts\/29037\/revisions\/29039"}],"wp:featuredmedia":[{"embeddable":true,"href":"https:\/\/diariorepublica.com.ar\/web\/index.php\/wp-json\/wp\/v2\/media\/29038"}],"wp:attachment":[{"href":"https:\/\/diariorepublica.com.ar\/web\/index.php\/wp-json\/wp\/v2\/media?parent=29037"}],"wp:term":[{"taxonomy":"category","embeddable":true,"href":"https:\/\/diariorepublica.com.ar\/web\/index.php\/wp-json\/wp\/v2\/categories?post=29037"},{"taxonomy":"post_tag","embeddable":true,"href":"https:\/\/diariorepublica.com.ar\/web\/index.php\/wp-json\/wp\/v2\/tags?post=29037"}],"curies":[{"name":"wp","href":"https:\/\/api.w.org\/{rel}","templated":true}]}}