{"id":29040,"date":"2026-01-30T17:05:53","date_gmt":"2026-01-30T20:05:53","guid":{"rendered":"https:\/\/diariorepublica.com.ar\/web\/?p=29040"},"modified":"2026-01-30T17:05:56","modified_gmt":"2026-01-30T20:05:56","slug":"bullrich-recibio-a-los-familiares-de-jeremias-monzon-y-reclamo-por-la-baja-de-imputabilidad","status":"publish","type":"post","link":"https:\/\/diariorepublica.com.ar\/web\/index.php\/nacionales\/2026\/01\/30\/bullrich-recibio-a-los-familiares-de-jeremias-monzon-y-reclamo-por-la-baja-de-imputabilidad\/","title":{"rendered":"Bullrich recibi\u00f3 a los familiares de Jerem\u00edas Monz\u00f3n y reclam\u00f3 por la baja de imputabilidad"},"content":{"rendered":"<article class=\"article-body article-body--first-paragraph content-protected-false\" data-td-script-src=\"https:\/\/www.ambito.com\/td\/modulos\/encuestas\/js\/function-embeds-min-version-1769659585.js\">La senadora de La Libertad Avanza (LLA),\u00a0<strong>Patricia Bullrich,<\/strong>\u00a0recibi\u00f3 este viernes en el Senado de la Naci\u00f3n a la familia de\u00a0<strong>Jerem\u00edas Monz\u00f3n,<\/strong>\u00a0el joven que fue emboscado y asesinado de 23 pu\u00f1aladas por adolescentes en Santa Fe. La visita tiene lugar en el marco de la discusi\u00f3n sobre la reforma del\u00a0<strong>R\u00e9gimen Penal Juvenil\u00a0<\/strong>que el oficialismo impulsar\u00e1 en\u00a0<strong>sesiones extraordinarias.<\/strong><\/p>\n<\/article>\n<article class=\"article-body article-body--second-paragraph content-protected-false\">El encuentro se llev\u00f3 a cabo a las 11.45hs en el recinto de la C\u00e1mara baja. Familiares del adolescente de 15 a\u00f1os acudieron al encuentro convocados por la exministra de Seguridad de la Naci\u00f3n.\u00a0<strong>\u201cSiento el dolor de una mam\u00e1. Me pongo en su lugar.\u00a0<\/strong>No podemos tener m\u00e1s gente en la Argentina que siga avalando y aplaudiendo a la delincuencia. Tenemos que terminar con esta cultura\u201d, dijo la senadora tras el encuentro.<\/p>\n<article class=\"article-body article-body--third-paragraph content-protected-false\">Respecto a la reforma penal, Bullrich afirm\u00f3 que el Gobierno \u00abya ven\u00eda trabajando\u00bb en el texto.\u00a0<strong>\u00abEl lunes pasado decidimos ponerlo para que la sociedad sepa que no podemos seguir teniendo Jerem\u00edas que sean asesinados por otros menores.\u00a0<\/strong>Menores matados por menores, o menores que matan y que vuelven a su casa como si no hubiera pasado nada\u201d, afirm\u00f3.<\/p>\n<\/article>\n<article class=\"article-body article-body--fourth-paragraph content-protected-false\">De todas maneras, aclar\u00f3 que la ley no ser\u00e1 retroactiva. \u00abEso no va a caber (en el texto), pero\u00a0<strong>ya estuvimos hablando con los abogados para que haya algunas consecuencias y no sea como si nada hubiera pasado\u201d<\/strong>, remarc\u00f3.<\/p>\n<\/article>\n<article class=\"article-body article-body--fifth-paragraph content-protected-false\">Asimismo, manifest\u00f3 su optimismo respecto a una eventual sanci\u00f3n de la ley. \u201cHubo muchos casos en los que intentamos. Hace m\u00e1s de 20 a\u00f1os que estamos trabajando en esto. El gobierno tuvo la decisi\u00f3n de impulsarlo. La pol\u00edtica muchas veces decide por la pol\u00edtica y no por la sociedad.\u00a0<strong>Va a ser ley en el corto plazo, s\u00e9 que esto no lo va a traer la justicia\u201d.<\/strong><\/p>\n<p>La mam\u00e1 de<strong>\u00a0Jerem\u00edas Monz\u00f3n<\/strong>, el joven de 15 a\u00f1os asesinado a pu\u00f1aladas por dos adolescentes de 14 a\u00f1os, explic\u00f3 la dif\u00edcil situaci\u00f3n que atraviesa luego del crimen, por el cual hay una persona detenida.<\/p>\n<p>En una entrevista con C5N, Romina se\u00f1al\u00f3 que\u00a0<strong>\u00abMuchas veces uno piensa que algo malo le puede pasar, pero nunca un nivel de tanta maldad, tan macabro, tan perverso\u00bb.<\/strong><\/p>\n<p>\u201cJerem\u00edas viv\u00eda con mis pap\u00e1s, ten\u00eda una custodia compartida, ese d\u00eda me avisan que no hab\u00eda llegado, me preguntan si hab\u00eda pasado por mi departamento, ya eran las 9 de la noche y \u00e9l siempre llegaba antes de las 8, me qued\u00e9 toda la noche esper\u00e1ndolo\u201d, describi\u00f3 Romina.<\/p>\n<p><strong>Jerem\u00edas Monz\u00f3n desapareci\u00f3 el 18 de diciembre y reci\u00e9n cinco d\u00edas despu\u00e9s la Polic\u00eda pudo confirmar su asesinato<\/strong>, cuando los vecinos alertaran sobre el hallazgo de un cuerpo en el galp\u00f3n en el acceso sur a la ciudad, por el puente carretero que une Santa Fe con la vecina ciudad de Santo Tom\u00e9, frente al estadio del club Col\u00f3n.<\/p>\n<p>\u201cA la ma\u00f1ana siguiente -continu\u00f3 la madre- ya est\u00e1bamos busc\u00e1ndolo, poni\u00e9ndonos en contacto con amigos, siguiendo ideas que nos iban llegando de d\u00f3nde pod\u00eda estar. Pens\u00e1bamos que quiz\u00e1 estaba haciendo una especie de berrinche o escondiendo. Durante todo el fin de semana ten\u00edamos esa esperanza, pero bueno\u201d.<\/p>\n<p>De acuerdo a la autopsia,<strong>\u00a0el cuerpo de Monz\u00f3n presentaba entre 20 y 23 pu\u00f1aladas y la muerte datar\u00eda de la fecha que su familia comenz\u00f3 a buscarlo<\/strong>, aunque la denuncia se concret\u00f3 al d\u00eda siguiente.<\/p>\n<p>La madre de Jerem\u00edas sostuvo entre l\u00e1grimas que \u00abno poder reconocerlo en la morgue fue terrible,\u00a0<strong>nunca v\u00ed un nivel de tanta maldad, tan macabro, tan perverso, tenerlo luego en la casa de velatorios hizo que todo fuese real\u00bb.<\/strong><\/p>\n<p><strong>Por este caso fue acusada y detenida, el 23 de diciembre, una joven de 16 a\u00f1os,\u00a0<\/strong>justo un d\u00eda despu\u00e9s del hallazgo del cuerpo de Jerem\u00edas Monz\u00f3n.<\/p>\n<\/article>\n<\/article>\n","protected":false},"excerpt":{"rendered":"<p>La senadora de La Libertad Avanza (LLA),\u00a0Patricia Bullrich,\u00a0recibi\u00f3 este viernes en el Senado de la Naci\u00f3n a la familia de\u00a0Jerem\u00edas<\/p>\n","protected":false},"author":1,"featured_media":29041,"comment_status":"closed","ping_status":"closed","sticky":false,"template":"","format":"standard","meta":{"footnotes":"","jetpack_publicize_message":"","jetpack_publicize_feature_enabled":true,"jetpack_social_post_already_shared":true,"jetpack_social_options":{"image_generator_settings":{"template":"highway","enabled":false},"version":2}},"categories":[4],"tags":[],"class_list":["post-29040","post","type-post","status-publish","format-standard","has-post-thumbnail","hentry","category-nacionales"],"jetpack_publicize_connections":[],"_links":{"self":[{"href":"https:\/\/diariorepublica.com.ar\/web\/index.php\/wp-json\/wp\/v2\/posts\/29040"}],"collection":[{"href":"https:\/\/diariorepublica.com.ar\/web\/index.php\/wp-json\/wp\/v2\/posts"}],"about":[{"href":"https:\/\/diariorepublica.com.ar\/web\/index.php\/wp-json\/wp\/v2\/types\/post"}],"author":[{"embeddable":true,"href":"https:\/\/diariorepublica.com.ar\/web\/index.php\/wp-json\/wp\/v2\/users\/1"}],"replies":[{"embeddable":true,"href":"https:\/\/diariorepublica.com.ar\/web\/index.php\/wp-json\/wp\/v2\/comments?post=29040"}],"version-history":[{"count":1,"href":"https:\/\/diariorepublica.com.ar\/web\/index.php\/wp-json\/wp\/v2\/posts\/29040\/revisions"}],"predecessor-version":[{"id":29042,"href":"https:\/\/diariorepublica.com.ar\/web\/index.php\/wp-json\/wp\/v2\/posts\/29040\/revisions\/29042"}],"wp:featuredmedia":[{"embeddable":true,"href":"https:\/\/diariorepublica.com.ar\/web\/index.php\/wp-json\/wp\/v2\/media\/29041"}],"wp:attachment":[{"href":"https:\/\/diariorepublica.com.ar\/web\/index.php\/wp-json\/wp\/v2\/media?parent=29040"}],"wp:term":[{"taxonomy":"category","embeddable":true,"href":"https:\/\/diariorepublica.com.ar\/web\/index.php\/wp-json\/wp\/v2\/categories?post=29040"},{"taxonomy":"post_tag","embeddable":true,"href":"https:\/\/diariorepublica.com.ar\/web\/index.php\/wp-json\/wp\/v2\/tags?post=29040"}],"curies":[{"name":"wp","href":"https:\/\/api.w.org\/{rel}","templated":true}]}}