{"id":29043,"date":"2026-01-30T17:07:07","date_gmt":"2026-01-30T20:07:07","guid":{"rendered":"https:\/\/diariorepublica.com.ar\/web\/?p=29043"},"modified":"2026-01-30T17:07:08","modified_gmt":"2026-01-30T20:07:08","slug":"djokovic-elimino-a-sinner-en-un-partidazo-y-enfrentara-a-alcaraz-en-la-final","status":"publish","type":"post","link":"https:\/\/diariorepublica.com.ar\/web\/index.php\/deportes\/2026\/01\/30\/djokovic-elimino-a-sinner-en-un-partidazo-y-enfrentara-a-alcaraz-en-la-final\/","title":{"rendered":"Djokovic elimin\u00f3 a Sinner en un partidazo y enfrentar\u00e1 a Alcaraz en la final"},"content":{"rendered":"<article id=\"article-post\" class=\"first\">\n<div class=\"cuerpo\" data-twitter-link=\"https:\/\/twitter.com\/intent\/tweet?url=https:\/\/www.diariopopular.com.ar\/c883831&amp;via=poopulardiario&amp;related=Popular&amp;text=\">\n<p><strong>Novak Djokovic\u00a0<\/strong>volvi\u00f3 a demostrar por qu\u00e9 es el m\u00e1ximo referente del\u00a0<strong>Abierto de Australia. El serbio derrot\u00f3 este viernes al italiano Jannik Sinner, vigente bicampe\u00f3n del torneo<\/strong>, y se clasific\u00f3 a la final del primer Grand Slam de la temporada, donde este domingo ir\u00e1 en busca de su und\u00e9cimo t\u00edtulo en Melbourne\u00a0frente al espa\u00f1ol Carlos Alcaraz, n\u00famero uno del mundo.<\/p>\n<\/div>\n<\/article>\n<article id=\"article-post\">\n<div class=\"cuerpo\" data-twitter-link=\"https:\/\/twitter.com\/intent\/tweet?url=https:\/\/www.diariopopular.com.ar\/c883831&amp;via=poopulardiario&amp;related=Popular&amp;text=\">\n<p><strong>En el Rod Laver Arena y tras cuatro horas y nueve minutos de un partido de alt\u00edsima intensidad, Djokovic se impuso por 3-6, 6-3, 4-6, 6-4 y 6-4.<\/strong>\u00a0El encuentro comenz\u00f3 favorable a Sinner, que volvi\u00f3 a mostrar el nivel que lo hab\u00eda llevado a encadenar 19 triunfos consecutivos en el certamen, pero Nole logr\u00f3 sostenerse en los momentos cr\u00edticos y termin\u00f3 inclinando la balanza a su favor.<\/p>\n<div id=\"embed22_wrap\" class=\"embed_cont type_freetext\" contenteditable=\"false\">\n<div id=\"embed22_content\" class=\"embed_content\">\n<div id=\"embed22_embed\">\n<div class=\"twitter-tweet twitter-tweet-rendered\"><iframe id=\"twitter-widget-0\" class=\"\" title=\"X Post\" src=\"https:\/\/platform.twitter.com\/embed\/Tweet.html?creatorScreenName=diariopopular&amp;dnt=false&amp;embedId=twitter-widget-0&amp;features=eyJ0ZndfdGltZWxpbmVfbGlzdCI6eyJidWNrZXQiOltdLCJ2ZXJzaW9uIjpudWxsfSwidGZ3X2ZvbGxvd2VyX2NvdW50X3N1bnNldCI6eyJidWNrZXQiOnRydWUsInZlcnNpb24iOm51bGx9LCJ0ZndfdHdlZXRfZWRpdF9iYWNrZW5kIjp7ImJ1Y2tldCI6Im9uIiwidmVyc2lvbiI6bnVsbH0sInRmd19yZWZzcmNfc2Vzc2lvbiI6eyJidWNrZXQiOiJvbiIsInZlcnNpb24iOm51bGx9LCJ0ZndfZm9zbnJfc29mdF9pbnRlcnZlbnRpb25zX2VuYWJsZWQiOnsiYnVja2V0Ijoib24iLCJ2ZXJzaW9uIjpudWxsfSwidGZ3X21peGVkX21lZGlhXzE1ODk3Ijp7ImJ1Y2tldCI6InRyZWF0bWVudCIsInZlcnNpb24iOm51bGx9LCJ0ZndfZXhwZXJpbWVudHNfY29va2llX2V4cGlyYXRpb24iOnsiYnVja2V0IjoxMjA5NjAwLCJ2ZXJzaW9uIjpudWxsfSwidGZ3X3Nob3dfYmlyZHdhdGNoX3Bpdm90c19lbmFibGVkIjp7ImJ1Y2tldCI6Im9uIiwidmVyc2lvbiI6bnVsbH0sInRmd19kdXBsaWNhdGVfc2NyaWJlc190b19zZXR0aW5ncyI6eyJidWNrZXQiOiJvbiIsInZlcnNpb24iOm51bGx9LCJ0ZndfdXNlX3Byb2ZpbGVfaW1hZ2Vfc2hhcGVfZW5hYmxlZCI6eyJidWNrZXQiOiJvbiIsInZlcnNpb24iOm51bGx9LCJ0ZndfdmlkZW9faGxzX2R5bmFtaWNfbWFuaWZlc3RzXzE1MDgyIjp7ImJ1Y2tldCI6InRydWVfYml0cmF0ZSIsInZlcnNpb24iOm51bGx9LCJ0ZndfbGVnYWN5X3RpbWVsaW5lX3N1bnNldCI6eyJidWNrZXQiOnRydWUsInZlcnNpb24iOm51bGx9LCJ0ZndfdHdlZXRfZWRpdF9mcm9udGVuZCI6eyJidWNrZXQiOiJvbiIsInZlcnNpb24iOm51bGx9fQ%3D%3D&amp;frame=false&amp;hideCard=false&amp;hideThread=false&amp;id=2017245264281575769&amp;lang=en&amp;maxWidth=560px&amp;origin=https%3A%2F%2Fwww.diariopopular.com.ar%2Fdeportes%2Fdjokovic-elimino-sinner-un-partidazo-y-enfrentara-alcaraz-la-final-n883831&amp;sessionId=9dcec05e4c5ecb3611d555942d6287456c97e03b&amp;siteScreenName=diariopopular&amp;theme=light&amp;widgetsVersion=2615f7e52b7e0%3A1702314776716&amp;width=550px\" frameborder=\"0\" scrolling=\"no\" allowfullscreen=\"allowfullscreen\" data-tweet-id=\"2017245264281575769\" data-gtm-yt-inspected-14=\"true\" data-mce-fragment=\"1\"><\/iframe><\/div>\n<\/div>\n<\/div>\n<div id=\"embed22_epigrafe\" class=\"embed_epigrafe\"><\/div>\n<div id=\"embed22_copyright\" class=\"embed_copyright\"><\/div>\n<\/div>\n<p>El quinto set fue el reflejo perfecto de la fortaleza mental del serbio.\u00a0<strong>Djokovic salv\u00f3 las ocho pelotas de quiebre que enfrent\u00f3 en el parcial decisivo, defendiendo su servicio con solidez frente al asedio constante del italiano.\u00a0<\/strong>Ese cierre le permiti\u00f3 revertir una racha adversa, ya que hab\u00eda perdido los \u00faltimos cinco enfrentamientos ante Sinner, y dej\u00f3 el historial entre ambos 6-5 a favor del italiano.<\/p>\n<p>Despu\u00e9s del partido,\u00a0<strong>el serbio declar\u00f3:<em>\u00a0\u201cNo encuentro palabras para ser honesto. Por Dios, por d\u00f3nde comienzo. Es incre\u00edble. Cuatro horas, casi las 2 de la madrugada. Recuerdos del 2012 cuando jugu\u00e9 casi seis horas contra Rafa\u201d.<\/em><\/strong>\u00a0Seg\u00fan explic\u00f3, el nivel de exigencia fue extremo y la calidad del juego se mantuvo muy alta durante todo el partido.<\/p>\n<p>En sus declaraciones,<strong>\u00a0Djokovic tambi\u00e9n tuvo palabras de reconocimiento para Jannik Sinner<\/strong>, a quien felicit\u00f3 por su rendimiento y por haberlo llevado al l\u00edmite. \u201c<strong><em>Tengo que felicitarlo, es un gran jugador, me llev\u00f3 al l\u00edmite. Hay que aplaudirlo a \u00e9l tambi\u00e9n\u201d<\/em><\/strong>, afirm\u00f3.<\/p>\n<p>Adem\u00e1s,\u00a0<strong>destac\u00f3 el v\u00ednculo con el p\u00fablico australiano y el apoyo recibido en la noche del partido.<\/strong><em>\u00a0\u201cMe encanta nuestra pasi\u00f3n y la relaci\u00f3n que tenemos, todos los a\u00f1os son incre\u00edbles. Esta noche fue sin dudas una de las mejores y donde sent\u00ed que m\u00e1s apoyo recib\u00ed aqu\u00ed en Australia\u201d<\/em>, agradeci\u00f3 ante los aplausos de los presentes.<\/p>\n<p>Por \u00faltimo,\u00a0<strong>confes\u00f3 un di\u00e1logo con Alcaraz, a quien le recrimin\u00f3 en tono de humor que \u00e9l ya est\u00e1 \u201cviejito\u201d<\/strong>\u00a0y necesita acostarse temprano. De cara a lo que viene, el serbio anticip\u00f3 un nuevo desaf\u00edo exigente: \u201c<strong><em>Hoy siento que gan\u00e9, pero tengo que regresar en dos d\u00edas a jugar contra el n\u00famero uno del mundo. Espero tener suficiente ox\u00edgeno y gasolina. Y que los dioses decidan el destino\u201d<\/em><\/strong>.<\/p>\n<p><strong>A los 38 a\u00f1os, Djokovic volvi\u00f3 a meterse en la definici\u00f3n del torneo que lo tiene como m\u00e1ximo campe\u00f3n hist\u00f3rico<\/strong>, con diez t\u00edtulos. Seis de esas consagraciones las logr\u00f3 siendo n\u00famero uno del mundo, un registro sin precedentes en el Abierto de Australia.\u00a0<strong>Su primera coronaci\u00f3n en esa condici\u00f3n fue en 2012, tras la hist\u00f3rica final ante Rafael Nadal que se extendi\u00f3 por cinco horas y 53 minutos<\/strong>, mientras que la \u00faltima vez que levant\u00f3 el trofeo como l\u00edder del ranking fue en Melbourne 2021.<\/p>\n<\/div>\n<\/article>\n","protected":false},"excerpt":{"rendered":"<p>Novak Djokovic\u00a0volvi\u00f3 a demostrar por qu\u00e9 es el m\u00e1ximo referente del\u00a0Abierto de Australia. El serbio derrot\u00f3 este viernes al italiano<\/p>\n","protected":false},"author":1,"featured_media":29044,"comment_status":"closed","ping_status":"closed","sticky":false,"template":"","format":"standard","meta":{"footnotes":"","jetpack_publicize_message":"","jetpack_publicize_feature_enabled":true,"jetpack_social_post_already_shared":true,"jetpack_social_options":{"image_generator_settings":{"template":"highway","enabled":false},"version":2}},"categories":[9],"tags":[],"class_list":["post-29043","post","type-post","status-publish","format-standard","has-post-thumbnail","hentry","category-deportes"],"jetpack_publicize_connections":[],"_links":{"self":[{"href":"https:\/\/diariorepublica.com.ar\/web\/index.php\/wp-json\/wp\/v2\/posts\/29043"}],"collection":[{"href":"https:\/\/diariorepublica.com.ar\/web\/index.php\/wp-json\/wp\/v2\/posts"}],"about":[{"href":"https:\/\/diariorepublica.com.ar\/web\/index.php\/wp-json\/wp\/v2\/types\/post"}],"author":[{"embeddable":true,"href":"https:\/\/diariorepublica.com.ar\/web\/index.php\/wp-json\/wp\/v2\/users\/1"}],"replies":[{"embeddable":true,"href":"https:\/\/diariorepublica.com.ar\/web\/index.php\/wp-json\/wp\/v2\/comments?post=29043"}],"version-history":[{"count":1,"href":"https:\/\/diariorepublica.com.ar\/web\/index.php\/wp-json\/wp\/v2\/posts\/29043\/revisions"}],"predecessor-version":[{"id":29045,"href":"https:\/\/diariorepublica.com.ar\/web\/index.php\/wp-json\/wp\/v2\/posts\/29043\/revisions\/29045"}],"wp:featuredmedia":[{"embeddable":true,"href":"https:\/\/diariorepublica.com.ar\/web\/index.php\/wp-json\/wp\/v2\/media\/29044"}],"wp:attachment":[{"href":"https:\/\/diariorepublica.com.ar\/web\/index.php\/wp-json\/wp\/v2\/media?parent=29043"}],"wp:term":[{"taxonomy":"category","embeddable":true,"href":"https:\/\/diariorepublica.com.ar\/web\/index.php\/wp-json\/wp\/v2\/categories?post=29043"},{"taxonomy":"post_tag","embeddable":true,"href":"https:\/\/diariorepublica.com.ar\/web\/index.php\/wp-json\/wp\/v2\/tags?post=29043"}],"curies":[{"name":"wp","href":"https:\/\/api.w.org\/{rel}","templated":true}]}}