{"id":29049,"date":"2026-01-30T17:11:17","date_gmt":"2026-01-30T20:11:17","guid":{"rendered":"https:\/\/diariorepublica.com.ar\/web\/?p=29049"},"modified":"2026-01-30T17:11:19","modified_gmt":"2026-01-30T20:11:19","slug":"murio-alfredo-davicce-historico-expresidente-de-river","status":"publish","type":"post","link":"https:\/\/diariorepublica.com.ar\/web\/index.php\/deportes\/2026\/01\/30\/murio-alfredo-davicce-historico-expresidente-de-river\/","title":{"rendered":"Muri\u00f3 Alfredo Davicce, hist\u00f3rico expresidente de River"},"content":{"rendered":"<p><b>River atraviesa un viernes cargado de tristeza por la muerte de Alfredo Davicce<\/b>, una figura central en la vida institucional del club. El\u00a0<b>expresidente<\/b>, que lider\u00f3 un largo trecho y\u00a0<b>tuvo como punto \u00e1lgido de su gesti\u00f3n la consagraci\u00f3n en la Copa Libertadores 1996<\/b>, falleci\u00f3 a los 96 a\u00f1os y su nombre qued\u00f3 ligado para siempre a uno de los ciclos m\u00e1s ganadores.<\/p>\n<p><b>Su conducci\u00f3n en N\u00fa\u00f1ez, que se extendi\u00f3 entre 1989 y 1997, estuvo marcada por el \u00e9xito de aquel equipo conducido por Ram\u00f3n D\u00edaz,<\/b>\u00a0en el que se encontraban jugadores de renombre como Enzo Francescoli (hoy m\u00e1nager), Marcelo Gallardo (actual DT), Hern\u00e1n Crespo y Ariel Ortega, entre otras figuras.<\/p>\n<p>Bajo su presidencia,\u00a0<b>el club celebr\u00f3 nueve t\u00edtulos oficiales<\/b>, entre ellos siete campeonatos locales y la Supercopa Sudamericana 1997, adem\u00e1s de la mencionada e hist\u00f3rica segunda Libertadores, en una etapa que consolid\u00f3 el perfil ganador del Millonario.<\/p>\n<p>En el plano dom\u00e9stico, con Davicce, River domin\u00f3 el f\u00fatbol argentino con una seguidilla hist\u00f3rica que incluy\u00f3 el\u00a0<b>tricampeonato compuesto por el Apertura 1996, el Clausura 1997 y el Apertura 1997,<\/b>\u00a0una marca que reforz\u00f3 la hegemon\u00eda del equipo en la cancha.<\/p>\n<p>El v\u00ednculo de Davicce con la instituci\u00f3n hab\u00eda comenzado mucho antes. Lleg\u00f3 a la instituci\u00f3n en la d\u00e9cada del 60 y, tras una extensa trayectoria dirigencial, gan\u00f3 las elecciones de 1989, imponi\u00e9ndose ante Osvaldo Di Carlo. Al finalizar su ciclo presidencial, continu\u00f3 ligado a la vida pol\u00edtica como vicepresidente hasta 2001.<\/p>\n<p>Luego de varios a\u00f1os alejado, volvi\u00f3 a competir en 2005 con la intenci\u00f3n de regresar al m\u00e1ximo cargo. En aquella elecci\u00f3n termin\u00f3 segundo, por detr\u00e1s de Jos\u00e9 Mar\u00eda Aguilar, quien consigui\u00f3 la reelecci\u00f3n tras su primer mandato.<\/p>\n<p>El fallecimiento de Davicce deja un profundo pesar en N\u00fa\u00f1ez, pero tambi\u00e9n un legado ligado a t\u00edtulos, estabilidad y una identidad competitiva que marc\u00f3 una \u00e9poca dorada en la historia de River.<\/p>\n<p>tycsports.com<\/p>\n","protected":false},"excerpt":{"rendered":"<p>River atraviesa un viernes cargado de tristeza por la muerte de Alfredo Davicce, una figura central en la vida institucional<\/p>\n","protected":false},"author":1,"featured_media":29050,"comment_status":"closed","ping_status":"closed","sticky":false,"template":"","format":"standard","meta":{"footnotes":"","jetpack_publicize_message":"","jetpack_publicize_feature_enabled":true,"jetpack_social_post_already_shared":true,"jetpack_social_options":{"image_generator_settings":{"template":"highway","enabled":false},"version":2}},"categories":[9],"tags":[],"class_list":["post-29049","post","type-post","status-publish","format-standard","has-post-thumbnail","hentry","category-deportes"],"jetpack_publicize_connections":[],"_links":{"self":[{"href":"https:\/\/diariorepublica.com.ar\/web\/index.php\/wp-json\/wp\/v2\/posts\/29049"}],"collection":[{"href":"https:\/\/diariorepublica.com.ar\/web\/index.php\/wp-json\/wp\/v2\/posts"}],"about":[{"href":"https:\/\/diariorepublica.com.ar\/web\/index.php\/wp-json\/wp\/v2\/types\/post"}],"author":[{"embeddable":true,"href":"https:\/\/diariorepublica.com.ar\/web\/index.php\/wp-json\/wp\/v2\/users\/1"}],"replies":[{"embeddable":true,"href":"https:\/\/diariorepublica.com.ar\/web\/index.php\/wp-json\/wp\/v2\/comments?post=29049"}],"version-history":[{"count":1,"href":"https:\/\/diariorepublica.com.ar\/web\/index.php\/wp-json\/wp\/v2\/posts\/29049\/revisions"}],"predecessor-version":[{"id":29051,"href":"https:\/\/diariorepublica.com.ar\/web\/index.php\/wp-json\/wp\/v2\/posts\/29049\/revisions\/29051"}],"wp:featuredmedia":[{"embeddable":true,"href":"https:\/\/diariorepublica.com.ar\/web\/index.php\/wp-json\/wp\/v2\/media\/29050"}],"wp:attachment":[{"href":"https:\/\/diariorepublica.com.ar\/web\/index.php\/wp-json\/wp\/v2\/media?parent=29049"}],"wp:term":[{"taxonomy":"category","embeddable":true,"href":"https:\/\/diariorepublica.com.ar\/web\/index.php\/wp-json\/wp\/v2\/categories?post=29049"},{"taxonomy":"post_tag","embeddable":true,"href":"https:\/\/diariorepublica.com.ar\/web\/index.php\/wp-json\/wp\/v2\/tags?post=29049"}],"curies":[{"name":"wp","href":"https:\/\/api.w.org\/{rel}","templated":true}]}}