{"id":29058,"date":"2026-01-31T15:15:00","date_gmt":"2026-01-31T18:15:00","guid":{"rendered":"https:\/\/diariorepublica.com.ar\/web\/?p=29058"},"modified":"2026-01-31T17:16:47","modified_gmt":"2026-01-31T20:16:47","slug":"venezuela-anuncian-una-ley-de-amnistia-general-para-presos-politicos","status":"publish","type":"post","link":"https:\/\/diariorepublica.com.ar\/web\/index.php\/internacionales\/2026\/01\/31\/venezuela-anuncian-una-ley-de-amnistia-general-para-presos-politicos\/","title":{"rendered":"Venezuela: anuncian una ley de amnist\u00eda general para presos pol\u00edticos"},"content":{"rendered":"<article id=\"article-post\" class=\"first\">\n<div class=\"cuerpo\" data-twitter-link=\"https:\/\/twitter.com\/intent\/tweet?url=https:\/\/www.diariopopular.com.ar\/c883975&amp;via=poopulardiario&amp;related=Popular&amp;text=\">\n<p>La presidenta interina de Venezuela,\u00a0<strong>Delcy Rodr\u00edguez<\/strong>, anunci\u00f3 una\u00a0<strong>ley de amnist\u00eda general para los presos pol\u00edticos<\/strong>\u00a0que permanecen en las c\u00e1rceles de ese pa\u00eds. La medida, dada a conocer a casi un mes de\u00a0la captura y el derrocamiento de\u00a0<strong>Nicol\u00e1s Maduro<\/strong>, contempla tambi\u00e9n\u00a0<strong>el cierre del centro de detenci\u00f3n conocido como El Helicoide<\/strong>, s\u00edmbolo de la represi\u00f3n y el abuso del chavismo.<\/p>\n<\/div>\n<\/article>\n<article id=\"article-post\">\n<div class=\"cuerpo\" data-twitter-link=\"https:\/\/twitter.com\/intent\/tweet?url=https:\/\/www.diariopopular.com.ar\/c883975&amp;via=poopulardiario&amp;related=Popular&amp;text=\">\n<p>\u00abHemos decidido impulsar una ley de amnist\u00eda general que cubra todo el per\u00edodo pol\u00edtico,\u00a0<strong>de violencia pol\u00edtica de 1999 al presente<\/strong>, y encargo a la Comisi\u00f3n de Revoluci\u00f3n para la Revoluci\u00f3n Judicial y al Programa para la Convivencia Democr\u00e1tica y para la Paz, para que en las pr\u00f3ximas horas instalados en urgencia\u00a0<strong>presenten la ley ante la Asamblea Nacional\u00bb<\/strong>, indic\u00f3 la mandataria ante el Tribunal Supremo de Venezuela en la apertura del a\u00f1o judicial.<\/p>\n<p><strong>\u201cQue sirva para reparar las heridas que ha dejado la confrontaci\u00f3n pol\u00edtica, desde la violencia, desde el extremismo\u201d<\/strong>, asegur\u00f3 Delcy Rodr\u00edguez, tras aclarar que esta iniciativa se hab\u00eda conversado con Maduro. Tambi\u00e9n pidi\u00f3 a los futuros beneficiarios de la ley y a quienes ya fueron liberados en las \u00faltimas semanas que\u00a0<strong>eviten \u00abla venganza, la revancha y el odio\u00bb<\/strong>.<\/p>\n<p>En este nuevo proyecto de ley de amnist\u00eda general quedar\u00edan fuera las personas que se encuentren encarceladas por delitos como\u00a0<strong>homicidio, narcotr\u00e1fico, corrupci\u00f3n y violaciones graves a los Derechos Humanos<\/strong>.<\/p>\n<p>El anuncio tuvo lugar en medio de un proceso de liberaci\u00f3n con controversias:\u00a0<strong>mientras el gobierno interino asegura haber dejado en libertad a m\u00e1s de 600 presos pol\u00edticos<\/strong>, las organizaciones de derechos humanos verifican\u00a0<strong>cifras sensiblemente menores.<\/strong>\u00a0Incluso, advierten que muchas excarcelaciones todav\u00eda est\u00e1n sujetas a restricciones, como prohibiciones de salir de Venezuela o de hablar con la prensa.<\/p>\n<p>La iniciativa de amnist\u00eda general\u00a0<strong>fue recibida con cautela por las organizaciones de derechos humanos<\/strong>, que insisten en la necesidad de que la ley incluya a toda la sociedad civil sin discriminaci\u00f3n y advierten que la liberaci\u00f3n de detenidos \u201cno sea concebida como un acto de clemencia, sino como\u00a0<strong>la restituci\u00f3n de derechos fundamentales\u201d<\/strong>.<\/p>\n<p>Durante la apertura del a\u00f1o judicial, Delcy Rodr\u00edguez anunci\u00f3 tambi\u00e9n\u00a0<strong>el cierre de las instalaciones de El Helicoide<\/strong>, un centro de detenci\u00f3n operado por el Servicio Bolivariano de Inteligencia Nacional (SEBIN), para su reconversi\u00f3n un espacio cultural y deportivo.<\/p>\n<p>\u00abEn el marco del relanzamiento de la misi\u00f3n guardianes de la patria, que contemple programas de atenci\u00f3n socioecon\u00f3mica para nuestros funcionarios policiales, hemos decidido que las instalaciones de El Helicoide, que hoy sirven como centro de atenci\u00f3n,\u00a0<strong>se conviertan en un centro social, deportivo, cultural y comercial<\/strong>\u00a0para la familia policial y para las comunidades aleda\u00f1as a este recinto\u00bb, sostuvo.<\/p>\n<p>La c\u00e1rcel, situada en la ciudad de Caracas, fue se\u00f1alada en reiteradas oportunidades por la oposici\u00f3n venezolana como un\u00a0<strong>centro de torturas para disidentes pol\u00edticos<\/strong>.<\/p>\n<\/div>\n<\/article>\n","protected":false},"excerpt":{"rendered":"<p>La presidenta interina de Venezuela,\u00a0Delcy Rodr\u00edguez, anunci\u00f3 una\u00a0ley de amnist\u00eda general para los presos pol\u00edticos\u00a0que permanecen en las c\u00e1rceles de<\/p>\n","protected":false},"author":1,"featured_media":29059,"comment_status":"closed","ping_status":"closed","sticky":false,"template":"","format":"standard","meta":{"footnotes":"","jetpack_publicize_message":"","jetpack_publicize_feature_enabled":true,"jetpack_social_post_already_shared":true,"jetpack_social_options":{"image_generator_settings":{"template":"highway","enabled":false},"version":2}},"categories":[6],"tags":[],"class_list":["post-29058","post","type-post","status-publish","format-standard","has-post-thumbnail","hentry","category-internacionales"],"jetpack_publicize_connections":[],"_links":{"self":[{"href":"https:\/\/diariorepublica.com.ar\/web\/index.php\/wp-json\/wp\/v2\/posts\/29058"}],"collection":[{"href":"https:\/\/diariorepublica.com.ar\/web\/index.php\/wp-json\/wp\/v2\/posts"}],"about":[{"href":"https:\/\/diariorepublica.com.ar\/web\/index.php\/wp-json\/wp\/v2\/types\/post"}],"author":[{"embeddable":true,"href":"https:\/\/diariorepublica.com.ar\/web\/index.php\/wp-json\/wp\/v2\/users\/1"}],"replies":[{"embeddable":true,"href":"https:\/\/diariorepublica.com.ar\/web\/index.php\/wp-json\/wp\/v2\/comments?post=29058"}],"version-history":[{"count":1,"href":"https:\/\/diariorepublica.com.ar\/web\/index.php\/wp-json\/wp\/v2\/posts\/29058\/revisions"}],"predecessor-version":[{"id":29060,"href":"https:\/\/diariorepublica.com.ar\/web\/index.php\/wp-json\/wp\/v2\/posts\/29058\/revisions\/29060"}],"wp:featuredmedia":[{"embeddable":true,"href":"https:\/\/diariorepublica.com.ar\/web\/index.php\/wp-json\/wp\/v2\/media\/29059"}],"wp:attachment":[{"href":"https:\/\/diariorepublica.com.ar\/web\/index.php\/wp-json\/wp\/v2\/media?parent=29058"}],"wp:term":[{"taxonomy":"category","embeddable":true,"href":"https:\/\/diariorepublica.com.ar\/web\/index.php\/wp-json\/wp\/v2\/categories?post=29058"},{"taxonomy":"post_tag","embeddable":true,"href":"https:\/\/diariorepublica.com.ar\/web\/index.php\/wp-json\/wp\/v2\/tags?post=29058"}],"curies":[{"name":"wp","href":"https:\/\/api.w.org\/{rel}","templated":true}]}}