{"id":29061,"date":"2026-01-31T17:19:00","date_gmt":"2026-01-31T20:19:00","guid":{"rendered":"https:\/\/diariorepublica.com.ar\/web\/?p=29061"},"modified":"2026-01-31T17:19:02","modified_gmt":"2026-01-31T20:19:02","slug":"maria-corina-machado-aseguro-que-la-amnistia-en-venezuela-es-un-camino-irreversible-hacia-la-democracia","status":"publish","type":"post","link":"https:\/\/diariorepublica.com.ar\/web\/index.php\/internacionales\/2026\/01\/31\/maria-corina-machado-aseguro-que-la-amnistia-en-venezuela-es-un-camino-irreversible-hacia-la-democracia\/","title":{"rendered":"Mar\u00eda Corina Machado asegur\u00f3 que la amnist\u00eda en Venezuela es \u00abun camino irreversible\u00bb hacia la democracia"},"content":{"rendered":"<p>La l\u00edder opositora venezolana\u00a0<strong>Mar\u00eda Corina Machado afirm\u00f3 que la ley de amnist\u00eda general propuesta por la presidenta encargada\u00a0Delcy Rodr\u00edguez\u00a0a\u00fan no fue celebrada\u00a0<\/strong>por la sociedad. Sin embargo, remarc\u00f3 que se trata de \u201c<strong>un camino irreversible e incontenible hacia la democracia<\/strong>\u00a0y el reencuentro\u201d en Venezuela.<\/p>\n<article class=\"article-body\">\n<div class=\"article-content\">\n<div class=\"news-body-paragraph\" data-twitter-link=\"\">\n<p>Durante su participaci\u00f3n en la charla\u00a0<em>Hablemos de Venezuela<\/em>, realizada en el Hay Festival de Cartagena de Indias,<strong>\u00a0Machado expres\u00f3 su expectativa<\/strong>\u00a0de que la iniciativa avance y tenga un impacto concreto en la situaci\u00f3n de los presos pol\u00edticos.\u00a0<strong>\u201cOjal\u00e1 sea as\u00ed y ojal\u00e1 los m\u00e1s de 700 presos que a\u00fan permanecen en centros de tortura en Venezuela puedan estar con sus familias<\/strong>\u00a0muy pronto\u201d, sostuvo.<\/p>\n<\/div>\n<\/div>\n<\/article>\n<article class=\"article-body par-3\">\n<div class=\"article-content\">\n<div class=\"news-body-paragraph\" data-twitter-link=\"\">\n<p>\u201c<strong>El pueblo de Venezuela todav\u00eda no ha celebrado lo que sabemos que ya es un camino irreversible e incontenible hacia la democracia<\/strong>\u00a0y hacia el reencuentro\u201d, insisti\u00f3 la dirigente, galardonada con el Premio Nobel de la Paz 2025.<\/p>\n<\/div>\n<\/div>\n<\/article>\n<article class=\"article-body par-4\">\n<div class=\"article-content\">\n<div class=\"news-body-paragraph\" data-twitter-link=\"\">\n<p>Machado subray\u00f3 que la amnist\u00eda no es un gesto voluntario del oficialismo, sino el resultado de la presi\u00f3n externa. \u201c<strong>No es algo que el r\u00e9gimen haya querido hacer de manera espont\u00e1nea, sino que es producto de la presi\u00f3n real del Gobierno de Estados Unidos<\/strong>\u201d, afirm\u00f3, al referirse al escenario de transici\u00f3n democr\u00e1tica que atraviesa el pa\u00eds.<\/p>\n<p>Ese mismo d\u00eda, Delcy Rodr\u00edguez anunci\u00f3 durante el acto de apertura del a\u00f1o judicial en el Tribunal Supremo de Justicia la decisi\u00f3n de \u201c<strong>impulsar una ley de amnist\u00eda general que cubra todo el per\u00edodo de violencia pol\u00edtica\u00a0<\/strong>desde 1999 hasta la actualidad\u201d.<\/p>\n<div id=\"embed6_wrap\" class=\"embed_cont type_freetext\" contenteditable=\"false\">\n<div id=\"embed6_content\" class=\"embed_content\">\n<div id=\"embed6_embed\">\n<div class=\"twitter-tweet twitter-tweet-rendered\"><iframe id=\"twitter-widget-0\" class=\"\" title=\"X Post\" src=\"https:\/\/platform.twitter.com\/embed\/Tweet.html?creatorScreenName=A24COM&amp;dnt=false&amp;embedId=twitter-widget-0&amp;features=eyJ0ZndfdGltZWxpbmVfbGlzdCI6eyJidWNrZXQiOltdLCJ2ZXJzaW9uIjpudWxsfSwidGZ3X2ZvbGxvd2VyX2NvdW50X3N1bnNldCI6eyJidWNrZXQiOnRydWUsInZlcnNpb24iOm51bGx9LCJ0ZndfdHdlZXRfZWRpdF9iYWNrZW5kIjp7ImJ1Y2tldCI6Im9uIiwidmVyc2lvbiI6bnVsbH0sInRmd19yZWZzcmNfc2Vzc2lvbiI6eyJidWNrZXQiOiJvbiIsInZlcnNpb24iOm51bGx9LCJ0ZndfZm9zbnJfc29mdF9pbnRlcnZlbnRpb25zX2VuYWJsZWQiOnsiYnVja2V0Ijoib24iLCJ2ZXJzaW9uIjpudWxsfSwidGZ3X21peGVkX21lZGlhXzE1ODk3Ijp7ImJ1Y2tldCI6InRyZWF0bWVudCIsInZlcnNpb24iOm51bGx9LCJ0ZndfZXhwZXJpbWVudHNfY29va2llX2V4cGlyYXRpb24iOnsiYnVja2V0IjoxMjA5NjAwLCJ2ZXJzaW9uIjpudWxsfSwidGZ3X3Nob3dfYmlyZHdhdGNoX3Bpdm90c19lbmFibGVkIjp7ImJ1Y2tldCI6Im9uIiwidmVyc2lvbiI6bnVsbH0sInRmd19kdXBsaWNhdGVfc2NyaWJlc190b19zZXR0aW5ncyI6eyJidWNrZXQiOiJvbiIsInZlcnNpb24iOm51bGx9LCJ0ZndfdXNlX3Byb2ZpbGVfaW1hZ2Vfc2hhcGVfZW5hYmxlZCI6eyJidWNrZXQiOiJvbiIsInZlcnNpb24iOm51bGx9LCJ0ZndfdmlkZW9faGxzX2R5bmFtaWNfbWFuaWZlc3RzXzE1MDgyIjp7ImJ1Y2tldCI6InRydWVfYml0cmF0ZSIsInZlcnNpb24iOm51bGx9LCJ0ZndfbGVnYWN5X3RpbWVsaW5lX3N1bnNldCI6eyJidWNrZXQiOnRydWUsInZlcnNpb24iOm51bGx9LCJ0ZndfdHdlZXRfZWRpdF9mcm9udGVuZCI6eyJidWNrZXQiOiJvbiIsInZlcnNpb24iOm51bGx9fQ%3D%3D&amp;frame=false&amp;hideCard=false&amp;hideThread=false&amp;id=2017410838512968030&amp;lang=es&amp;origin=https%3A%2F%2Fwww.a24.com%2Fmundo%2Fmaria-corina-machado-aseguro-que-la-amnistia-venezuela-es-un-camino-irreversible-la-democracia-n1522595&amp;sessionId=d32db9dedd88551dbbb142fd4b2f725fc09fd877&amp;siteScreenName=A24COM&amp;theme=light&amp;widgetsVersion=2615f7e52b7e0%3A1702314776716&amp;width=550px\" frameborder=\"0\" scrolling=\"no\" allowfullscreen=\"allowfullscreen\" data-gtm-yt-inspected-8=\"true\" data-gtm-yt-inspected-31521157_77=\"true\" data-tweet-id=\"2017410838512968030\" data-mce-fragment=\"1\"><\/iframe><\/div>\n<\/div>\n<\/div>\n<div class=\"embed_wrapper-cont\">\n<div id=\"embed6_epigrafe\" class=\"embed_epigrafe\"><\/div>\n<\/div>\n<\/div>\n<p>Machado lament\u00f3 que la sociedad venezolana haya subestimado durante a\u00f1os \u201c<strong>la capacidad destructiva del chavismo<\/strong>\u201d, al que defini\u00f3 como un sistema integrado a un entramado criminal. Sin embargo, destac\u00f3 que en los \u00faltimos a\u00f1os los venezolanos lograron convencer a la comunidad internacional de la urgencia de actuar.<\/p>\n<p>\u201c<strong>Despu\u00e9s de m\u00e1s de 400.000 muertos, m\u00e1s de 20.000 ejecuciones extrajudiciales y m\u00e1s de 18.000 detenciones pol\u00edticas desde 2013<\/strong>, la situaci\u00f3n de Venezuela plantea un cuestionamiento medular al orden democr\u00e1tico global\u201d, concluy\u00f3 la dirigente.<\/p>\n<p>En ese marco, record\u00f3 su reciente encuentro en Washington con el secretario de Estado estadounidense\u00a0<strong>Marco Rubio,\u00a0<\/strong>en el que transmiti\u00f3 un mensaje central:\u00a0<strong>Venezuela necesita una transici\u00f3n democr\u00e1tica integral,\u00a0<\/strong>que impida que las estructuras del chavismo contin\u00faen en el poder.<\/p>\n<\/div>\n<\/div>\n<\/article>\n","protected":false},"excerpt":{"rendered":"<p>La l\u00edder opositora venezolana\u00a0Mar\u00eda Corina Machado afirm\u00f3 que la ley de amnist\u00eda general propuesta por la presidenta encargada\u00a0Delcy Rodr\u00edguez\u00a0a\u00fan no<\/p>\n","protected":false},"author":1,"featured_media":29062,"comment_status":"closed","ping_status":"closed","sticky":false,"template":"","format":"standard","meta":{"footnotes":"","jetpack_publicize_message":"","jetpack_publicize_feature_enabled":true,"jetpack_social_post_already_shared":true,"jetpack_social_options":{"image_generator_settings":{"template":"highway","enabled":false},"version":2}},"categories":[6],"tags":[],"class_list":["post-29061","post","type-post","status-publish","format-standard","has-post-thumbnail","hentry","category-internacionales"],"jetpack_publicize_connections":[],"_links":{"self":[{"href":"https:\/\/diariorepublica.com.ar\/web\/index.php\/wp-json\/wp\/v2\/posts\/29061"}],"collection":[{"href":"https:\/\/diariorepublica.com.ar\/web\/index.php\/wp-json\/wp\/v2\/posts"}],"about":[{"href":"https:\/\/diariorepublica.com.ar\/web\/index.php\/wp-json\/wp\/v2\/types\/post"}],"author":[{"embeddable":true,"href":"https:\/\/diariorepublica.com.ar\/web\/index.php\/wp-json\/wp\/v2\/users\/1"}],"replies":[{"embeddable":true,"href":"https:\/\/diariorepublica.com.ar\/web\/index.php\/wp-json\/wp\/v2\/comments?post=29061"}],"version-history":[{"count":1,"href":"https:\/\/diariorepublica.com.ar\/web\/index.php\/wp-json\/wp\/v2\/posts\/29061\/revisions"}],"predecessor-version":[{"id":29063,"href":"https:\/\/diariorepublica.com.ar\/web\/index.php\/wp-json\/wp\/v2\/posts\/29061\/revisions\/29063"}],"wp:featuredmedia":[{"embeddable":true,"href":"https:\/\/diariorepublica.com.ar\/web\/index.php\/wp-json\/wp\/v2\/media\/29062"}],"wp:attachment":[{"href":"https:\/\/diariorepublica.com.ar\/web\/index.php\/wp-json\/wp\/v2\/media?parent=29061"}],"wp:term":[{"taxonomy":"category","embeddable":true,"href":"https:\/\/diariorepublica.com.ar\/web\/index.php\/wp-json\/wp\/v2\/categories?post=29061"},{"taxonomy":"post_tag","embeddable":true,"href":"https:\/\/diariorepublica.com.ar\/web\/index.php\/wp-json\/wp\/v2\/tags?post=29061"}],"curies":[{"name":"wp","href":"https:\/\/api.w.org\/{rel}","templated":true}]}}