{"id":29064,"date":"2026-02-02T10:32:00","date_gmt":"2026-02-02T13:32:00","guid":{"rendered":"https:\/\/diariorepublica.com.ar\/web\/?p=29064"},"modified":"2026-02-02T17:33:28","modified_gmt":"2026-02-02T20:33:28","slug":"premio-internacional-pasaporte-abierto-la-fiesta-del-poncho-elegida-evento-del-ano","status":"publish","type":"post","link":"https:\/\/diariorepublica.com.ar\/web\/index.php\/sociedad\/2026\/02\/02\/premio-internacional-pasaporte-abierto-la-fiesta-del-poncho-elegida-evento-del-ano\/","title":{"rendered":"Premio Internacional Pasaporte Abierto: La Fiesta del Poncho elegida evento del a\u00f1o"},"content":{"rendered":"<p>La Fiesta Nacional e Internacional del Poncho de Catamarca fue elegida en Panam\u00e1 como evento del a\u00f1o y recibi\u00f3 el premio internacional Pasaporte Abierto, otorgado por la Organizaci\u00f3n Mundial de Periodismo Tur\u00edstico en una ceremonia realizada la noche del 30 de enero en la Ciudad de Panam\u00e1.<\/p>\n<p>El Poncho, posicionado ya como la fiesta popular m\u00e1s grande de Argentina, suma este nuevo reconocimiento internacional por su edici\u00f3n 2025, que tuvo 1,4 millones de visitas en sus 10 jornadas a lo largo del mes de julio y un importante movimiento tur\u00edstico para la provincia.<\/p>\n<p>\u201cEsta distinci\u00f3n nos llena de orgullo porque el Poncho es parte de lo que somos, de nuestra historia, de nuestras manos artesanas y de una cultura que se transmite de generaci\u00f3n en generaci\u00f3n. Es un logro colectivo, que habla de Catamarca, de nuestra identidad y de una celebraci\u00f3n que crece y se proyecta sin perder sus ra\u00edces\u201d, destac\u00f3 el gobernador de Catamarca, Ra\u00fal Jalil.<\/p>\n<p>Por su parte, Daiana Rold\u00e1n, ministra de Cultura, Turismo y Deporte y responsable de la organizaci\u00f3n de este mega evento cultural y tur\u00edstico se\u00f1al\u00f3: \u201cInmensamente feliz, gracias a todo el equipo del Ministerio de Cultura, Turismo y Deporte. Somos un equipo con muchos objetivos por cumplir a\u00fan, tomamos con mucha humildad este reconocimiento que nos desaf\u00eda para seguir trabajando m\u00e1s y mejor por nuestra fiesta. Gracias a todos los catamarque\u00f1os que, con orgullo, hicieron crecer esta fiesta. Ya nos estamos preparando para una nueva edici\u00f3n inolvidable. Los esperamos a todos en Catamarca del 17 al 26 de julio\u201d.<\/p>\n<p>Los premios Pasaporte Abierto re\u00fanen a comunicadores, creadores de contenido, instituciones y proyectos tur\u00edsticos de distintos pa\u00edses, con el objetivo de reconocer trabajos que aportan mirada cr\u00edtica, sensibilidad social, creatividad y compromiso con los territorios.<\/p>\n<p>La edici\u00f3n 2025 se destac\u00f3 por la diversidad geogr\u00e1fica de los proyectos premiados. En el caso de la categor\u00eda \u201cevento del a\u00f1o\u201d, la Fiesta del Poncho fue nominada junto a otros seis eventos importantes de Latinoam\u00e9rica y se qued\u00f3 con el galard\u00f3n. La postulaci\u00f3n fue presentada por la periodista D\u00e9bora Valeria Ruiz, del medio Infoturismo Argentina, quien cubri\u00f3 la Fiesta del Poncho el a\u00f1o pasado y la destac\u00f3 en su postulaci\u00f3n como \u201cuna celebraci\u00f3n emblem\u00e1tica que articula identidad, cultura y turismo\u201d.<\/p>\n","protected":false},"excerpt":{"rendered":"<p>La Fiesta Nacional e Internacional del Poncho de Catamarca fue elegida en Panam\u00e1 como evento del a\u00f1o y recibi\u00f3 el<\/p>\n","protected":false},"author":1,"featured_media":29065,"comment_status":"closed","ping_status":"closed","sticky":false,"template":"","format":"standard","meta":{"footnotes":"","jetpack_publicize_message":"","jetpack_publicize_feature_enabled":true,"jetpack_social_post_already_shared":true,"jetpack_social_options":{"image_generator_settings":{"template":"highway","enabled":false},"version":2}},"categories":[3],"tags":[],"class_list":["post-29064","post","type-post","status-publish","format-standard","has-post-thumbnail","hentry","category-sociedad"],"jetpack_publicize_connections":[],"_links":{"self":[{"href":"https:\/\/diariorepublica.com.ar\/web\/index.php\/wp-json\/wp\/v2\/posts\/29064"}],"collection":[{"href":"https:\/\/diariorepublica.com.ar\/web\/index.php\/wp-json\/wp\/v2\/posts"}],"about":[{"href":"https:\/\/diariorepublica.com.ar\/web\/index.php\/wp-json\/wp\/v2\/types\/post"}],"author":[{"embeddable":true,"href":"https:\/\/diariorepublica.com.ar\/web\/index.php\/wp-json\/wp\/v2\/users\/1"}],"replies":[{"embeddable":true,"href":"https:\/\/diariorepublica.com.ar\/web\/index.php\/wp-json\/wp\/v2\/comments?post=29064"}],"version-history":[{"count":1,"href":"https:\/\/diariorepublica.com.ar\/web\/index.php\/wp-json\/wp\/v2\/posts\/29064\/revisions"}],"predecessor-version":[{"id":29066,"href":"https:\/\/diariorepublica.com.ar\/web\/index.php\/wp-json\/wp\/v2\/posts\/29064\/revisions\/29066"}],"wp:featuredmedia":[{"embeddable":true,"href":"https:\/\/diariorepublica.com.ar\/web\/index.php\/wp-json\/wp\/v2\/media\/29065"}],"wp:attachment":[{"href":"https:\/\/diariorepublica.com.ar\/web\/index.php\/wp-json\/wp\/v2\/media?parent=29064"}],"wp:term":[{"taxonomy":"category","embeddable":true,"href":"https:\/\/diariorepublica.com.ar\/web\/index.php\/wp-json\/wp\/v2\/categories?post=29064"},{"taxonomy":"post_tag","embeddable":true,"href":"https:\/\/diariorepublica.com.ar\/web\/index.php\/wp-json\/wp\/v2\/tags?post=29064"}],"curies":[{"name":"wp","href":"https:\/\/api.w.org\/{rel}","templated":true}]}}