{"id":29070,"date":"2026-02-02T17:35:05","date_gmt":"2026-02-02T20:35:05","guid":{"rendered":"https:\/\/diariorepublica.com.ar\/web\/?p=29070"},"modified":"2026-02-02T17:35:07","modified_gmt":"2026-02-02T20:35:07","slug":"gran-movimiento-turistico-registro-catamarca-en-enero","status":"publish","type":"post","link":"https:\/\/diariorepublica.com.ar\/web\/index.php\/sociedad\/2026\/02\/02\/gran-movimiento-turistico-registro-catamarca-en-enero\/","title":{"rendered":"Gran movimiento tur\u00edstico registr\u00f3 Catamarca en enero"},"content":{"rendered":"<p>Catamarca despide enero con un promedio del 65% de ocupaci\u00f3n hotelera a nivel provincial, un gran porcentaje que permite evidenciar el posicionamiento que la provincia va logrando tambi\u00e9n en la temporada de verano en el mapa tur\u00edstico nacional.<\/p>\n<p>Fueron 98.733 los visitantes que recorrieron la provincia durante enero, alternando entre los distintos destinos de verano, atra\u00eddos por paisajes naturales incre\u00edbles y una oferta cultural y de festivales que se multiplic\u00f3 en cada localidad catamarque\u00f1a.<\/p>\n<p>Seg\u00fan el relevamiento realizado desde la Direcci\u00f3n de Calidad Tur\u00edstica del Ministerio de Cultura, Turismo y Deporte de la Provincia, hubo una estad\u00eda promedio de tres noches, con un gasto diario promedio de 90.495 pesos, lo que represent\u00f3 un impacto econ\u00f3mico de $18.510 millones, distribuidos en toda la cadena de valor del turismo. Es decir, que ese movimiento econ\u00f3mico incluye a servicios hoteleros, tur\u00edsticos, de gastronom\u00eda, transporte, artesan\u00edas y comercio.<\/p>\n<p>\u201cLos turistas eligieron disfrutar de las villas veraniegas de Catamarca y las fiestas populares fueron un gran atractivo a la hora de elegir los destinos de nuestra provincia. Todas las localidades que tuvieron festivales alcanzaron importante movimiento tur\u00edstico y eso ayuda mucho al desarrollo econ\u00f3mico de cada comunidad. En un esfuerzo conjunto de provincia, municipios y sector privado, cada vez vamos logrando sumar puntos para posicionarnos, tambi\u00e9n como destino de verano\u201d, destac\u00f3 la secretaria de Gesti\u00f3n Tur\u00edstica de Catamarca, Evangelina Quar\u00edn.<\/p>\n<p>Si bien el promedio provincial de ocupaci\u00f3n hotelera fue del 65% hubo destinos que superaron ampliamente ese porcentaje e incluso algunos que alcanzaron la ocupaci\u00f3n plena durante el mes de enero. Por ejemplo, El Rodeo tuvo un 100% de ocupaci\u00f3n, Aconquija un 99%, Las Juntas 98% y Mutqu\u00edn 95%. Pom\u00e1n lleg\u00f3 al 85% este enero con una gran edici\u00f3n del Festival de San Sebasti\u00e1n promediando el mes. Santa Mar\u00eda, ciudad anfitriona del Festival del Yokavil, tuvo un 75% de OH y Andalgal\u00e1, que tuvo una exitosa edici\u00f3n del Festival Nacional del Fuerte, registr\u00f3 un 70% de ocupaci\u00f3n. Tambi\u00e9n tuvieron importante movimiento La Puerta con un 81% de ocupaci\u00f3n durante este mes.<\/p>\n","protected":false},"excerpt":{"rendered":"<p>Catamarca despide enero con un promedio del 65% de ocupaci\u00f3n hotelera a nivel provincial, un gran porcentaje que permite evidenciar<\/p>\n","protected":false},"author":1,"featured_media":29071,"comment_status":"closed","ping_status":"closed","sticky":false,"template":"","format":"standard","meta":{"footnotes":"","jetpack_publicize_message":"","jetpack_publicize_feature_enabled":true,"jetpack_social_post_already_shared":true,"jetpack_social_options":{"image_generator_settings":{"template":"highway","enabled":false},"version":2}},"categories":[3],"tags":[],"class_list":["post-29070","post","type-post","status-publish","format-standard","has-post-thumbnail","hentry","category-sociedad"],"jetpack_publicize_connections":[],"_links":{"self":[{"href":"https:\/\/diariorepublica.com.ar\/web\/index.php\/wp-json\/wp\/v2\/posts\/29070"}],"collection":[{"href":"https:\/\/diariorepublica.com.ar\/web\/index.php\/wp-json\/wp\/v2\/posts"}],"about":[{"href":"https:\/\/diariorepublica.com.ar\/web\/index.php\/wp-json\/wp\/v2\/types\/post"}],"author":[{"embeddable":true,"href":"https:\/\/diariorepublica.com.ar\/web\/index.php\/wp-json\/wp\/v2\/users\/1"}],"replies":[{"embeddable":true,"href":"https:\/\/diariorepublica.com.ar\/web\/index.php\/wp-json\/wp\/v2\/comments?post=29070"}],"version-history":[{"count":1,"href":"https:\/\/diariorepublica.com.ar\/web\/index.php\/wp-json\/wp\/v2\/posts\/29070\/revisions"}],"predecessor-version":[{"id":29072,"href":"https:\/\/diariorepublica.com.ar\/web\/index.php\/wp-json\/wp\/v2\/posts\/29070\/revisions\/29072"}],"wp:featuredmedia":[{"embeddable":true,"href":"https:\/\/diariorepublica.com.ar\/web\/index.php\/wp-json\/wp\/v2\/media\/29071"}],"wp:attachment":[{"href":"https:\/\/diariorepublica.com.ar\/web\/index.php\/wp-json\/wp\/v2\/media?parent=29070"}],"wp:term":[{"taxonomy":"category","embeddable":true,"href":"https:\/\/diariorepublica.com.ar\/web\/index.php\/wp-json\/wp\/v2\/categories?post=29070"},{"taxonomy":"post_tag","embeddable":true,"href":"https:\/\/diariorepublica.com.ar\/web\/index.php\/wp-json\/wp\/v2\/tags?post=29070"}],"curies":[{"name":"wp","href":"https:\/\/api.w.org\/{rel}","templated":true}]}}