{"id":291,"date":"2023-03-23T11:56:41","date_gmt":"2023-03-23T11:56:41","guid":{"rendered":"https:\/\/diariorepublica.com.ar\/web\/?p=291"},"modified":"2023-03-23T11:56:42","modified_gmt":"2023-03-23T11:56:42","slug":"cordoba-una-tormenta-causo-estragos-en-varias-ciudades","status":"publish","type":"post","link":"https:\/\/diariorepublica.com.ar\/web\/index.php\/nacionales\/2023\/03\/23\/cordoba-una-tormenta-causo-estragos-en-varias-ciudades\/","title":{"rendered":"C\u00f3rdoba: una tormenta caus\u00f3 estragos en varias ciudades"},"content":{"rendered":"<article id=\"article-post\" class=\"first\">\n<div class=\"cuerpo\" data-twitter-link=\"https:\/\/twitter.com\/intent\/tweet?url=https:\/\/www.diariopopular.com.ar\/c703744&amp;via=poopulardiario&amp;related=Popular&amp;text=\">\n<p><strong>Una fuerte tormenta caus\u00f3 estragos en el sur de la provincia de C\u00f3rdoba, como as\u00ed tambi\u00e9n en los departamentos de R\u00edo Cuarto y Calamuchita, con inundaciones, evacuados y p\u00e9rdidas millonarias.<\/strong><\/p>\n<\/div>\n<\/article>\n<article id=\"article-post\">\n<div class=\"cuerpo\" data-twitter-link=\"https:\/\/twitter.com\/intent\/tweet?url=https:\/\/www.diariopopular.com.ar\/c703744&amp;via=poopulardiario&amp;related=Popular&amp;text=\">\n<p>Por lo tanto, el gobierno provincial comenz\u00f3 a asistir a los damnificados a trav\u00e9s de los ministerios de Desarrollo Social, adem\u00e1s, se activ\u00f3 el Fondo Permanente para Atenci\u00f3n de Situaciones de Desastre.<\/p>\n<p>Las intensas lluvias registradas en las \u00faltimas horas provocaron da\u00f1os en distintas regiones de la provincia, como Alpa Corral, Villa Quillinzo y Ca\u00f1ada de Sauce.<\/p>\n<p>La creciente ocasion\u00f3 da\u00f1os en\u00a0<strong>Alpa Corral<\/strong>, donde se reportaron roturas en el mobiliario urbano y en una decena de viviendas, mientras que en Ca\u00f1ada de Sauce fueron afectadas otras 15, con cuatro fanilias evacuadas.<\/p>\n<p>En tanto, en la localidad de Villa Quillinzo se registr\u00f3 una creciente hist\u00f3rica, que provoc\u00f3 da\u00f1os en la planta potabilizadora de agua.<\/p>\n<p>Por otra parte, el Servicio Meteorol\u00f3gico Nacional (SMN) emiti\u00f3 un alerta para las sierras de C\u00f3rdoba, por lo que se esperan precipitaciones abundantes en Villa Carlos Paz durante las pr\u00f3ximas horas.<\/p>\n<p>Las tormentas severas en la zona del Valle de Punilla dejar\u00edan entre 80 y 100 mil\u00edmetros en la cuenca del lago San Roque. El anuncio tiene vigencia por las pr\u00f3ximas 48 horas y se estima que las precipitaciones se intensificar\u00eda hacia el viernes, lo que podr\u00eda generar ca\u00edda de granizo, r\u00e1fagas muy fuertes y abundante actividad el\u00e9ctrica.<\/p>\n<\/div>\n<\/article>\n","protected":false},"excerpt":{"rendered":"<p>Una fuerte tormenta caus\u00f3 estragos en el sur de la provincia de C\u00f3rdoba, como as\u00ed tambi\u00e9n en los departamentos de<\/p>\n","protected":false},"author":1,"featured_media":292,"comment_status":"closed","ping_status":"closed","sticky":false,"template":"","format":"standard","meta":{"footnotes":"","jetpack_publicize_message":"","jetpack_publicize_feature_enabled":true,"jetpack_social_post_already_shared":false,"jetpack_social_options":{"image_generator_settings":{"template":"highway","enabled":false},"version":2}},"categories":[4],"tags":[],"class_list":["post-291","post","type-post","status-publish","format-standard","has-post-thumbnail","hentry","category-nacionales"],"jetpack_publicize_connections":[],"_links":{"self":[{"href":"https:\/\/diariorepublica.com.ar\/web\/index.php\/wp-json\/wp\/v2\/posts\/291"}],"collection":[{"href":"https:\/\/diariorepublica.com.ar\/web\/index.php\/wp-json\/wp\/v2\/posts"}],"about":[{"href":"https:\/\/diariorepublica.com.ar\/web\/index.php\/wp-json\/wp\/v2\/types\/post"}],"author":[{"embeddable":true,"href":"https:\/\/diariorepublica.com.ar\/web\/index.php\/wp-json\/wp\/v2\/users\/1"}],"replies":[{"embeddable":true,"href":"https:\/\/diariorepublica.com.ar\/web\/index.php\/wp-json\/wp\/v2\/comments?post=291"}],"version-history":[{"count":1,"href":"https:\/\/diariorepublica.com.ar\/web\/index.php\/wp-json\/wp\/v2\/posts\/291\/revisions"}],"predecessor-version":[{"id":293,"href":"https:\/\/diariorepublica.com.ar\/web\/index.php\/wp-json\/wp\/v2\/posts\/291\/revisions\/293"}],"wp:featuredmedia":[{"embeddable":true,"href":"https:\/\/diariorepublica.com.ar\/web\/index.php\/wp-json\/wp\/v2\/media\/292"}],"wp:attachment":[{"href":"https:\/\/diariorepublica.com.ar\/web\/index.php\/wp-json\/wp\/v2\/media?parent=291"}],"wp:term":[{"taxonomy":"category","embeddable":true,"href":"https:\/\/diariorepublica.com.ar\/web\/index.php\/wp-json\/wp\/v2\/categories?post=291"},{"taxonomy":"post_tag","embeddable":true,"href":"https:\/\/diariorepublica.com.ar\/web\/index.php\/wp-json\/wp\/v2\/tags?post=291"}],"curies":[{"name":"wp","href":"https:\/\/api.w.org\/{rel}","templated":true}]}}