{"id":2978,"date":"2023-05-18T10:45:57","date_gmt":"2023-05-18T13:45:57","guid":{"rendered":"https:\/\/diariorepublica.com.ar\/web\/?p=2978"},"modified":"2023-05-18T10:45:59","modified_gmt":"2023-05-18T13:45:59","slug":"ate-salud-convoco-a-una-marcha-de-antorchas","status":"publish","type":"post","link":"https:\/\/diariorepublica.com.ar\/web\/index.php\/sociedad\/2023\/05\/18\/ate-salud-convoco-a-una-marcha-de-antorchas\/","title":{"rendered":"ATE Salud convoc\u00f3 a una Marcha de Antorchas"},"content":{"rendered":"<p>El reclamo por la situaci\u00f3n de los precarizados y el pedido de claridad sobre qui\u00e9nes van a integrar la lista de empleados de la salud que van a pasar a la condici\u00f3n de contrato de empleados p\u00fablicos, puso nuevamente a ATE Salud en las puertas del Ministerio de Salud<\/p>\n<p>Mientras se espera la confirmaci\u00f3n de la reuni\u00f3n con la ministra, se determin\u00f3 en la asamblea que se va a sostener el plan de lucha y que, en este caso, se va a pasar a concretar una nueva Marcha de Antorchas, que se realizar\u00e1 el pr\u00f3ximo martes desde las 20 hs. \u00abNos reuniremos frente a la Catedral, luego marcharemos, vendr\u00e1 despu\u00e9s un acto y asamblea, donde se van a decidir los pasos a seguir\u00bb, apunt\u00f3 Traverso.<\/p>\n","protected":false},"excerpt":{"rendered":"<p>El reclamo por la situaci\u00f3n de los precarizados y el pedido de claridad sobre qui\u00e9nes van a integrar la lista<\/p>\n","protected":false},"author":2,"featured_media":2979,"comment_status":"closed","ping_status":"closed","sticky":false,"template":"","format":"standard","meta":{"footnotes":"","jetpack_publicize_message":"","jetpack_publicize_feature_enabled":true,"jetpack_social_post_already_shared":false,"jetpack_social_options":{"image_generator_settings":{"template":"highway","enabled":false},"version":2}},"categories":[3],"tags":[],"class_list":["post-2978","post","type-post","status-publish","format-standard","has-post-thumbnail","hentry","category-sociedad"],"jetpack_publicize_connections":[],"_links":{"self":[{"href":"https:\/\/diariorepublica.com.ar\/web\/index.php\/wp-json\/wp\/v2\/posts\/2978"}],"collection":[{"href":"https:\/\/diariorepublica.com.ar\/web\/index.php\/wp-json\/wp\/v2\/posts"}],"about":[{"href":"https:\/\/diariorepublica.com.ar\/web\/index.php\/wp-json\/wp\/v2\/types\/post"}],"author":[{"embeddable":true,"href":"https:\/\/diariorepublica.com.ar\/web\/index.php\/wp-json\/wp\/v2\/users\/2"}],"replies":[{"embeddable":true,"href":"https:\/\/diariorepublica.com.ar\/web\/index.php\/wp-json\/wp\/v2\/comments?post=2978"}],"version-history":[{"count":1,"href":"https:\/\/diariorepublica.com.ar\/web\/index.php\/wp-json\/wp\/v2\/posts\/2978\/revisions"}],"predecessor-version":[{"id":2980,"href":"https:\/\/diariorepublica.com.ar\/web\/index.php\/wp-json\/wp\/v2\/posts\/2978\/revisions\/2980"}],"wp:featuredmedia":[{"embeddable":true,"href":"https:\/\/diariorepublica.com.ar\/web\/index.php\/wp-json\/wp\/v2\/media\/2979"}],"wp:attachment":[{"href":"https:\/\/diariorepublica.com.ar\/web\/index.php\/wp-json\/wp\/v2\/media?parent=2978"}],"wp:term":[{"taxonomy":"category","embeddable":true,"href":"https:\/\/diariorepublica.com.ar\/web\/index.php\/wp-json\/wp\/v2\/categories?post=2978"},{"taxonomy":"post_tag","embeddable":true,"href":"https:\/\/diariorepublica.com.ar\/web\/index.php\/wp-json\/wp\/v2\/tags?post=2978"}],"curies":[{"name":"wp","href":"https:\/\/api.w.org\/{rel}","templated":true}]}}