{"id":29819,"date":"2026-03-09T17:31:58","date_gmt":"2026-03-09T20:31:58","guid":{"rendered":"https:\/\/diariorepublica.com.ar\/web\/?p=29819"},"modified":"2026-03-09T17:32:00","modified_gmt":"2026-03-09T20:32:00","slug":"milei-analizo-la-guerra-en-medio-oriente-y-pronostico-cuanto-durara-el-conflicto","status":"publish","type":"post","link":"https:\/\/diariorepublica.com.ar\/web\/index.php\/politica\/2026\/03\/09\/milei-analizo-la-guerra-en-medio-oriente-y-pronostico-cuanto-durara-el-conflicto\/","title":{"rendered":"Milei analiz\u00f3 la guerra en Medio Oriente y pronostic\u00f3 cu\u00e1nto durar\u00e1 el conflicto"},"content":{"rendered":"<p>El\u00a0presidente argentino, Javier Milei, se refiri\u00f3 desde Estados Unidos al conflicto armado en Medio Oriente\u00a0y consider\u00f3 que el enfrentamiento \u201c<strong>es de esperar que tenga corto alcance<\/strong>\u201d. El mandatario sostuvo que la escalada b\u00e9lica responde a factores geopol\u00edticos y no a una disputa por recursos energ\u00e9ticos.<\/p>\n<article class=\"article-body\">\n<div class=\"article-content\">\n<div class=\"news-body-paragraph\" data-twitter-link=\"\">\n<p data-start=\"464\" data-end=\"773\">Durante una entrevista radial, el jefe de Estado cuestion\u00f3 los an\u00e1lisis que atribuyen el origen del conflicto al petr\u00f3leo. \u201c<strong>Este tipo de argumentaci\u00f3n es muy pobre conceptualmente y, obvio, es errado. Aqu\u00ed lo que importa desde la perspectiva de Estados Unidos es pura y exclusivamente la geopol\u00edtica<\/strong>\u201d, afirm\u00f3.<\/p>\n<\/div>\n<\/div>\n<\/article>\n<article class=\"article-body par-3\">\n<div class=\"article-content\">\n<div class=\"news-body-paragraph\" data-twitter-link=\"\">\n<p data-start=\"775\" data-end=\"1145\">Milei tambi\u00e9n evalu\u00f3 la estrategia militar adoptada hasta el momento por Washington. Seg\u00fan explic\u00f3, las operaciones se caracterizaron por su precisi\u00f3n. \u201cHasta este momento Estados Unidos estaba atacando de manera quir\u00fargica, se notaba con claridad la forma de trabajo donde era clara y evidente la inteligencia israel\u00ed sumado al potencial b\u00e9lico estadounidense\u201d, se\u00f1al\u00f3 en di\u00e1logo con Radio Now.<\/p>\n<article class=\"article-body par-4\">\n<div class=\"article-content\">\n<div class=\"news-body-paragraph\" data-twitter-link=\"\">\n<p data-start=\"1147\" data-end=\"1342\">En ese contexto, compar\u00f3 esa modalidad con una intervenci\u00f3n reciente en Venezuela. \u201c<strong>Dur\u00f3 apenas 18 minutos y la extracci\u00f3n fue de 47 segundos, una operaci\u00f3n extremadamente quir\u00fargica<\/strong>\u201d, describi\u00f3.<\/p>\n<\/div>\n<\/div>\n<\/article>\n<article class=\"article-body par-5\">\n<div class=\"article-content\">\n<div class=\"news-body-paragraph\" data-twitter-link=\"\">\n<p data-start=\"1344\" data-end=\"1726\">El presidente mencion\u00f3 adem\u00e1s el ataque contra la c\u00fapula iran\u00ed bajo esa misma l\u00f3gica y analiz\u00f3 la reacci\u00f3n de Teher\u00e1n, que incluy\u00f3 contraofensivas en distintos frentes y el cierre del estrecho de Ormuz. En ese marco, cit\u00f3 advertencias de la directora gerente del Fondo Monetario Internacional,\u00a0<strong>Kristalina Georgieva<\/strong>, sobre el impacto econ\u00f3mico del conflicto.<\/p>\n<p data-start=\"1728\" data-end=\"2223\">\u201cSumado a las declaraciones hechas por la titular del Fondo Monetario Internacional (FMI)\u00a0<strong>Kristalina Georgieva<\/strong>, alertando que este tipo de situaciones podr\u00eda generar presi\u00f3n sobre los precios \u2014dado el alza del petr\u00f3leo\u2014 y al mismo tiempo generar una desaceleraci\u00f3n de la actividad como consecuencia de la contracci\u00f3n de la oferta \u2014situaci\u00f3n que ha involucrado a 15 pa\u00edses hasta el momento\u2014, libera las manos de Estados Unidos para una acci\u00f3n m\u00e1s propia, m\u00e1s amplia y no tan quir\u00fargica\u201d, explic\u00f3.<\/p>\n<p data-start=\"2225\" data-end=\"2366\">Aun as\u00ed, el mandatario estim\u00f3 que el enfrentamiento no se extender\u00e1 demasiado. \u201cEs de esperar que la guerra tenga un corto alcance\u201d, reiter\u00f3.<\/p>\n<p data-start=\"2368\" data-end=\"2822\">En su an\u00e1lisis del escenario global, Milei sostuvo que Washington tambi\u00e9n impulsa negociaciones para poner fin al conflicto entre Rusia y Ucrania. \u201cEn paralelo, el gobierno de Estados Unidos est\u00e1 trabajando por la\u00a0<strong>paz entre Ucrania y Rusia<\/strong>, al mismo tiempo que,\u00a0<strong>por decantaci\u00f3n, caer\u00e1 Cuba<\/strong>. No es ni m\u00e1s ni menos que una situaci\u00f3n transitoria, un deterioro transitorio que pueda tener la econom\u00eda mundial\u201d, afirm\u00f3.<\/p>\n<p data-start=\"2824\" data-end=\"3200\">El presidente consider\u00f3 adem\u00e1s que el actual escenario internacional derivar\u00e1 en cambios en el equilibrio pol\u00edtico global. \u201c<strong>Un reordenamiento pol\u00edtico muy fuerte en el que b\u00e1sicamente China va a quedar m\u00e1s aislada<\/strong>\u201d, sostuvo. \u201cMuchos de sus socios, que son malos socios y ensucian el nombre de China, caer\u00e1n y la situaci\u00f3n va a ser m\u00e1s pura y limpia en la competencia\u201d, agreg\u00f3.<\/p>\n<p data-start=\"2824\" data-end=\"3200\">\n<p data-start=\"2824\" data-end=\"3200\"><strong>El lugar de Argentina<\/strong><\/p>\n<p data-start=\"3202\" data-end=\"3541\">En relaci\u00f3n con la situaci\u00f3n argentina, el mandatario asegur\u00f3 que el pa\u00eds se encuentra \u201cen el lugar correcto de la historia por primera vez despu\u00e9s de 80 a\u00f1os\u201d. Seg\u00fan su visi\u00f3n, el equilibrio fiscal y el ordenamiento macroecon\u00f3mico permitieron que la econom\u00eda local enfrente el contexto internacional con menor impacto que en otras crisis.<\/p>\n<p data-start=\"3543\" data-end=\"3787\">Adem\u00e1s, afirm\u00f3 que el pa\u00eds podr\u00eda beneficiarse del escenario actual por la suba de precios de las materias primas. Milei destac\u00f3 que Argentina es exportadora neta de energ\u00eda y granos, lo que abrir\u00eda una oportunidad para fortalecer las reservas.<\/p>\n<p data-start=\"3789\" data-end=\"4000\">\u201c<strong>Est\u00e1 subiendo el petr\u00f3leo y este pa\u00eds es exportador neto, est\u00e1n subiendo todos los granos que exporta y como es transitorio esto va a abrir una ventana para sobreaccionar en la acumulaci\u00f3n de reservas<\/strong>\u201d, se\u00f1al\u00f3.<\/p>\n<p data-start=\"4002\" data-end=\"4202\">En ese sentido, record\u00f3 que el objetivo oficial para este a\u00f1o es sumar\u00a0<strong>10.000 millones de d\u00f3lares<\/strong>\u00a0en reservas internacionales. Seg\u00fan indic\u00f3, en los primeros meses ya se alcanzaron unos<strong>\u00a03.000 millones<\/strong>.<\/p>\n<p data-start=\"4204\" data-end=\"4505\">\u201cSolamente en lo que va del a\u00f1o se acumularon 3.000 millones de d\u00f3lares, en meses que supuestamente son neutros y\u00a0<strong>ya cumplimos con el 30% de la meta<\/strong>. Imag\u00ednense cuando llegue el segundo trimestre, que es el m\u00e1s fuerte, y con precios m\u00e1s altos.\u00a0<strong>Es probable que Argentina sobrecumpla las metas<\/strong>\u201d, afirm\u00f3.<\/p>\n<p data-start=\"4204\" data-end=\"4505\">\n<p data-start=\"4204\" data-end=\"4505\"><strong>El pron\u00f3stico sobre la Guerra<\/strong><\/p>\n<p data-start=\"4507\" data-end=\"4771\">Para cerrar, el presidente proyect\u00f3 que la mayor\u00eda de los conflictos actuales podr\u00edan resolverse en los pr\u00f3ximos meses. \u201cEs probable que para la segunda mitad de a\u00f1o todos los procesos b\u00e9licos ya hayan encontrado un final, incluida la liberaci\u00f3n de Cuba\u201d, sostuvo.<\/p>\n<p data-start=\"4773\" data-end=\"5044\">\u201cA partir de ah\u00ed es probable que los precios se acomoden, que cuando Argentina entre en una cuesti\u00f3n estacional en invierno, con alg\u00fan faltante de gas, no pague precios exorbitantes.\u00a0<strong>Va a ser muy favorable desde el lado externo, hay que saber aprovecharlo m\u00e1s<\/strong>\u201d, concluy\u00f3.<\/p>\n<p data-start=\"4773\" data-end=\"5044\">a24.com<\/p>\n<\/div>\n<\/div>\n<\/article>\n<\/div>\n<\/div>\n<\/article>\n","protected":false},"excerpt":{"rendered":"<p>El\u00a0presidente argentino, Javier Milei, se refiri\u00f3 desde Estados Unidos al conflicto armado en Medio Oriente\u00a0y consider\u00f3 que el enfrentamiento \u201ces<\/p>\n","protected":false},"author":1,"featured_media":29820,"comment_status":"closed","ping_status":"closed","sticky":false,"template":"","format":"standard","meta":{"footnotes":"","jetpack_publicize_message":"","jetpack_publicize_feature_enabled":true,"jetpack_social_post_already_shared":true,"jetpack_social_options":{"image_generator_settings":{"template":"highway","enabled":false},"version":2}},"categories":[12],"tags":[],"class_list":["post-29819","post","type-post","status-publish","format-standard","has-post-thumbnail","hentry","category-politica"],"jetpack_publicize_connections":[],"_links":{"self":[{"href":"https:\/\/diariorepublica.com.ar\/web\/index.php\/wp-json\/wp\/v2\/posts\/29819"}],"collection":[{"href":"https:\/\/diariorepublica.com.ar\/web\/index.php\/wp-json\/wp\/v2\/posts"}],"about":[{"href":"https:\/\/diariorepublica.com.ar\/web\/index.php\/wp-json\/wp\/v2\/types\/post"}],"author":[{"embeddable":true,"href":"https:\/\/diariorepublica.com.ar\/web\/index.php\/wp-json\/wp\/v2\/users\/1"}],"replies":[{"embeddable":true,"href":"https:\/\/diariorepublica.com.ar\/web\/index.php\/wp-json\/wp\/v2\/comments?post=29819"}],"version-history":[{"count":1,"href":"https:\/\/diariorepublica.com.ar\/web\/index.php\/wp-json\/wp\/v2\/posts\/29819\/revisions"}],"predecessor-version":[{"id":29821,"href":"https:\/\/diariorepublica.com.ar\/web\/index.php\/wp-json\/wp\/v2\/posts\/29819\/revisions\/29821"}],"wp:featuredmedia":[{"embeddable":true,"href":"https:\/\/diariorepublica.com.ar\/web\/index.php\/wp-json\/wp\/v2\/media\/29820"}],"wp:attachment":[{"href":"https:\/\/diariorepublica.com.ar\/web\/index.php\/wp-json\/wp\/v2\/media?parent=29819"}],"wp:term":[{"taxonomy":"category","embeddable":true,"href":"https:\/\/diariorepublica.com.ar\/web\/index.php\/wp-json\/wp\/v2\/categories?post=29819"},{"taxonomy":"post_tag","embeddable":true,"href":"https:\/\/diariorepublica.com.ar\/web\/index.php\/wp-json\/wp\/v2\/tags?post=29819"}],"curies":[{"name":"wp","href":"https:\/\/api.w.org\/{rel}","templated":true}]}}