{"id":29822,"date":"2026-03-10T07:11:37","date_gmt":"2026-03-10T10:11:37","guid":{"rendered":"https:\/\/diariorepublica.com.ar\/web\/?p=29822"},"modified":"2026-03-10T07:11:40","modified_gmt":"2026-03-10T10:11:40","slug":"docentes-de-ingles-de-la-capital-iniciaron-el-ciclo-2026-con-un-taller-de-fortalecimiento-de-equipos","status":"publish","type":"post","link":"https:\/\/diariorepublica.com.ar\/web\/index.php\/sociedad\/2026\/03\/10\/docentes-de-ingles-de-la-capital-iniciaron-el-ciclo-2026-con-un-taller-de-fortalecimiento-de-equipos\/","title":{"rendered":"Docentes de ingl\u00e9s de la Capital iniciaron el ciclo 2026 con un taller de fortalecimiento de equipos"},"content":{"rendered":"<p dir=\"ltr\">El Nodo Tecnol\u00f3gico fue el escenario del primer encuentro del a\u00f1o del\u00a0Programa Municipal de Ingl\u00e9s, denominado\u00a0\u201cTeamwork Building Workshop\u201d. La jornada reuni\u00f3 a docentes de los niveles primario y secundario del Sistema Educativo Municipal con el objetivo de coordinar estrategias y fortalecer los v\u00ednculos pedag\u00f3gicos de cara al inicio del ciclo lectivo.<\/p>\n<p dir=\"ltr\">A diferencia de una reuni\u00f3n tradicional, la jornada se desarroll\u00f3 bajo un formato de taller din\u00e1mico que promueve el intercambio de experiencias y la reflexi\u00f3n sobre la pr\u00e1ctica docente. Los ejes principales del encuentro fueron:\u00a0Articulaci\u00f3n de Niveles:\u00a0El fortalecimiento de la transici\u00f3n educativa entre la primaria y la secundaria.<\/p>\n<p dir=\"ltr\">Adem\u00e1s, se trabaj\u00f3 la\u00a0Proyecci\u00f3n de Metas:\u00a0La creaci\u00f3n de un\u00a0\u00abvision board\u00bb\u00a0(tablero de visi\u00f3n), una herramienta creativa donde los docentes plasmaron sus objetivos, desaf\u00edos e ideas innovadoras para el aula.<\/p>\n<p dir=\"ltr\">Otro de los puntos centrales de la reuni\u00f3n fue el\u00a0Bienestar Docente,\u00a0donde se gener\u00f3\u00a0un espacio de reflexi\u00f3n dedicado al equilibrio entre la vida personal y la exigente tarea de ense\u00f1ar, entendiendo que el bienestar del educador es clave para el \u00e9xito del alumno.<\/p>\n<p dir=\"ltr\">Este taller marca el punto de partida de un a\u00f1o que promete consolidar la ense\u00f1anza de idiomas en la Capital, tal como lo anunci\u00f3 el intendente de la Capital Gustavo Saadi, este proyecto se consolida a\u00f1o a a\u00f1o resaltando la importancia de la\u00a0construcci\u00f3n colectiva\u00a0y el trabajo en equipo como motores de una educaci\u00f3n p\u00fablica de vanguardia.<\/p>\n","protected":false},"excerpt":{"rendered":"<p>El Nodo Tecnol\u00f3gico fue el escenario del primer encuentro del a\u00f1o del\u00a0Programa Municipal de Ingl\u00e9s, denominado\u00a0\u201cTeamwork Building Workshop\u201d. La jornada<\/p>\n","protected":false},"author":1,"featured_media":29823,"comment_status":"closed","ping_status":"closed","sticky":false,"template":"","format":"standard","meta":{"footnotes":"","jetpack_publicize_message":"","jetpack_publicize_feature_enabled":true,"jetpack_social_post_already_shared":true,"jetpack_social_options":{"image_generator_settings":{"template":"highway","enabled":false},"version":2}},"categories":[3],"tags":[],"class_list":["post-29822","post","type-post","status-publish","format-standard","has-post-thumbnail","hentry","category-sociedad"],"jetpack_publicize_connections":[],"_links":{"self":[{"href":"https:\/\/diariorepublica.com.ar\/web\/index.php\/wp-json\/wp\/v2\/posts\/29822"}],"collection":[{"href":"https:\/\/diariorepublica.com.ar\/web\/index.php\/wp-json\/wp\/v2\/posts"}],"about":[{"href":"https:\/\/diariorepublica.com.ar\/web\/index.php\/wp-json\/wp\/v2\/types\/post"}],"author":[{"embeddable":true,"href":"https:\/\/diariorepublica.com.ar\/web\/index.php\/wp-json\/wp\/v2\/users\/1"}],"replies":[{"embeddable":true,"href":"https:\/\/diariorepublica.com.ar\/web\/index.php\/wp-json\/wp\/v2\/comments?post=29822"}],"version-history":[{"count":1,"href":"https:\/\/diariorepublica.com.ar\/web\/index.php\/wp-json\/wp\/v2\/posts\/29822\/revisions"}],"predecessor-version":[{"id":29824,"href":"https:\/\/diariorepublica.com.ar\/web\/index.php\/wp-json\/wp\/v2\/posts\/29822\/revisions\/29824"}],"wp:featuredmedia":[{"embeddable":true,"href":"https:\/\/diariorepublica.com.ar\/web\/index.php\/wp-json\/wp\/v2\/media\/29823"}],"wp:attachment":[{"href":"https:\/\/diariorepublica.com.ar\/web\/index.php\/wp-json\/wp\/v2\/media?parent=29822"}],"wp:term":[{"taxonomy":"category","embeddable":true,"href":"https:\/\/diariorepublica.com.ar\/web\/index.php\/wp-json\/wp\/v2\/categories?post=29822"},{"taxonomy":"post_tag","embeddable":true,"href":"https:\/\/diariorepublica.com.ar\/web\/index.php\/wp-json\/wp\/v2\/tags?post=29822"}],"curies":[{"name":"wp","href":"https:\/\/api.w.org\/{rel}","templated":true}]}}