{"id":29825,"date":"2026-03-10T09:12:00","date_gmt":"2026-03-10T12:12:00","guid":{"rendered":"https:\/\/diariorepublica.com.ar\/web\/?p=29825"},"modified":"2026-03-10T07:12:36","modified_gmt":"2026-03-10T10:12:36","slug":"la-capital-impulsa-el-programa-dale-en-el-sistema-educativo-municipal","status":"publish","type":"post","link":"https:\/\/diariorepublica.com.ar\/web\/index.php\/sociedad\/2026\/03\/10\/la-capital-impulsa-el-programa-dale-en-el-sistema-educativo-municipal\/","title":{"rendered":"La Capital impulsa el programa DALE! en el Sistema Educativo Municipal"},"content":{"rendered":"<p dir=\"ltr\">Con el objetivo de garantizar que cada ni\u00f1o y ni\u00f1a de la ciudad aprenda a leer y escribir en tiempo y forma, se llev\u00f3 a cabo el\u00a0Primer Encuentro de Trabajo 2026\u00a0de la propuesta pedag\u00f3gica\u00a0DALE!\u00a0(Derecho a Aprender a Leer y Escribir). La jornada tuvo lugar en la Escuela Municipal N\u00b0 1 \u00abEl Principito\u00bb y cont\u00f3 con la participaci\u00f3n activa de los docentes de apoyo escolar de todo el sistema capitalino.<\/p>\n<p dir=\"ltr\">Bajo la coordinaci\u00f3n del Equipo de Fortalecimiento Pedag\u00f3gico Municipal, el encuentro permiti\u00f3 realizar un balance de las metas alcanzadas y planificar las acciones estrat\u00e9gicas para el presente ciclo lectivo. El programa DALE! se destaca por su enfoque de\u00a0acompa\u00f1amiento personalizado, dise\u00f1ado espec\u00edficamente para alumnos que presentan dificultades en su proceso de alfabetizaci\u00f3n inicial, brind\u00e1ndoles herramientas que fortalecen su trayectoria escolar.<\/p>\n<p dir=\"ltr\">Al respecto, la\u00a0Lic. Yanina Del Pino\u00a0destac\u00f3 el valor del recurso humano municipal:\u00a0\u00abEl compromiso de nuestros docentes es la pieza fundamental para que el Plan de Alfabetizaci\u00f3n Inicial sea un \u00e9xito. Su dedicaci\u00f3n permite que ning\u00fan estudiante se quede atr\u00e1s, transformando las dificultades en oportunidades de aprendizaje real\u00bb.<\/p>\n<p dir=\"ltr\">Con estas acciones, la Municipalidad de la Capital, bajo el firme compromiso del intendente Gustavo Saadi, afianza m\u00e1s la premisa de una educaci\u00f3n p\u00fablica de calidad, enfocada en nivelar las oportunidades de aprendizaje desde los primeros a\u00f1os de escolaridad.<\/p>\n","protected":false},"excerpt":{"rendered":"<p>Con el objetivo de garantizar que cada ni\u00f1o y ni\u00f1a de la ciudad aprenda a leer y escribir en tiempo<\/p>\n","protected":false},"author":1,"featured_media":0,"comment_status":"closed","ping_status":"closed","sticky":false,"template":"","format":"standard","meta":{"footnotes":"","jetpack_publicize_message":"","jetpack_publicize_feature_enabled":true,"jetpack_social_post_already_shared":true,"jetpack_social_options":{"image_generator_settings":{"template":"highway","enabled":false},"version":2}},"categories":[3],"tags":[],"class_list":["post-29825","post","type-post","status-publish","format-standard","hentry","category-sociedad"],"jetpack_publicize_connections":[],"_links":{"self":[{"href":"https:\/\/diariorepublica.com.ar\/web\/index.php\/wp-json\/wp\/v2\/posts\/29825"}],"collection":[{"href":"https:\/\/diariorepublica.com.ar\/web\/index.php\/wp-json\/wp\/v2\/posts"}],"about":[{"href":"https:\/\/diariorepublica.com.ar\/web\/index.php\/wp-json\/wp\/v2\/types\/post"}],"author":[{"embeddable":true,"href":"https:\/\/diariorepublica.com.ar\/web\/index.php\/wp-json\/wp\/v2\/users\/1"}],"replies":[{"embeddable":true,"href":"https:\/\/diariorepublica.com.ar\/web\/index.php\/wp-json\/wp\/v2\/comments?post=29825"}],"version-history":[{"count":1,"href":"https:\/\/diariorepublica.com.ar\/web\/index.php\/wp-json\/wp\/v2\/posts\/29825\/revisions"}],"predecessor-version":[{"id":29826,"href":"https:\/\/diariorepublica.com.ar\/web\/index.php\/wp-json\/wp\/v2\/posts\/29825\/revisions\/29826"}],"wp:attachment":[{"href":"https:\/\/diariorepublica.com.ar\/web\/index.php\/wp-json\/wp\/v2\/media?parent=29825"}],"wp:term":[{"taxonomy":"category","embeddable":true,"href":"https:\/\/diariorepublica.com.ar\/web\/index.php\/wp-json\/wp\/v2\/categories?post=29825"},{"taxonomy":"post_tag","embeddable":true,"href":"https:\/\/diariorepublica.com.ar\/web\/index.php\/wp-json\/wp\/v2\/tags?post=29825"}],"curies":[{"name":"wp","href":"https:\/\/api.w.org\/{rel}","templated":true}]}}