{"id":29830,"date":"2026-03-10T11:45:00","date_gmt":"2026-03-10T14:45:00","guid":{"rendered":"https:\/\/diariorepublica.com.ar\/web\/?p=29830"},"modified":"2026-03-10T12:46:15","modified_gmt":"2026-03-10T15:46:15","slug":"una-argentina-gano-el-maraton-de-las-islas-malvinas-candela-cerrone-se-impuso-y-se-lo-dedico-a-los-caidos","status":"publish","type":"post","link":"https:\/\/diariorepublica.com.ar\/web\/index.php\/nacionales\/2026\/03\/10\/una-argentina-gano-el-maraton-de-las-islas-malvinas-candela-cerrone-se-impuso-y-se-lo-dedico-a-los-caidos\/","title":{"rendered":"Una argentina gan\u00f3 el marat\u00f3n de las Islas Malvinas: Candela Cerrone se impuso y se lo dedic\u00f3 a los ca\u00eddos"},"content":{"rendered":"<p>a atleta argentina\u00a0<strong>Candela Cerrone,<\/strong>\u00a0nacida en Pinamar,\u00a0se consagr\u00f3 ganadora de la\u00a0<strong>15\u00aa edici\u00f3n de la\u00a0<\/strong><strong>Stanley Marathon<\/strong>, disputada este domingo en las\u00a0Islas Malvinas.<\/p>\n<p>Con un tiempo oficial de\u00a0<strong>3 horas, 14 minutos y 30 segundos<\/strong>, la corredora logr\u00f3 el\u00a0<strong>primer puesto en la categor\u00eda femenina<\/strong>\u00a0de esta competencia, que es considerada el\u00a0<strong>marat\u00f3n m\u00e1s austral del mundo<\/strong>.<\/p>\n<p>El evento, certificado por la Association of International Marathons and Distance Races, se desarroll\u00f3 en coincidencia con el D\u00eda Internacional de la Mujer y bajo condiciones clim\u00e1ticas extremadamente exigentes.<\/p>\n<p>La carrera present\u00f3 un desaf\u00edo particular para los corredores debido a\u00a0<strong>las fuertes r\u00e1fagas de viento y la irregularidad del terreno<\/strong>, factores que suelen caracterizar al circuito de las Malvinas.<\/p>\n<p>A esto se sum\u00f3 una particularidad reglamentaria: por normas locales, los atletas no pueden competir con\u00a0<strong>insignias nacionales en su indumentaria<\/strong>, por lo que Cerrone particip\u00f3 sin s\u00edmbolos argentinos.<\/p>\n<p>Ese contexto hizo a\u00fan m\u00e1s significativo el cierre de la competencia, cuando la maratonista celebr\u00f3 su logro tras cruzar la meta.<\/p>\n<p>Luego de quedarse con el triunfo,\u00a0Candela Cerrone\u00a0describi\u00f3 lo que signific\u00f3 completar la carrera en condiciones tan exigentes.<\/p>\n<p title=\"__IP__\" data-ipspy=\"__IP__\">\u201c<strong>Fue todo muy emotivo y tambi\u00e9n muy duro<\/strong>\u201d, expres\u00f3 la atleta tras finalizar la prueba.<\/p>\n<p>La victoria de la corredora argentina en uno de los circuitos m\u00e1s extremos del planeta se convirti\u00f3 en\u00a0<strong>un logro destacado para el atletismo nacional<\/strong>, en una competencia que cada a\u00f1o convoca a corredores de distintos pa\u00edses atra\u00eddos por el desaf\u00edo deportivo y las condiciones \u00fanicas del lugar.<\/p>\n<p>NA<\/p>\n","protected":false},"excerpt":{"rendered":"<p>a atleta argentina\u00a0Candela Cerrone,\u00a0nacida en Pinamar,\u00a0se consagr\u00f3 ganadora de la\u00a015\u00aa edici\u00f3n de la\u00a0Stanley Marathon, disputada este domingo en las\u00a0Islas Malvinas.<\/p>\n","protected":false},"author":1,"featured_media":29831,"comment_status":"closed","ping_status":"closed","sticky":false,"template":"","format":"standard","meta":{"footnotes":"","jetpack_publicize_message":"","jetpack_publicize_feature_enabled":true,"jetpack_social_post_already_shared":true,"jetpack_social_options":{"image_generator_settings":{"template":"highway","enabled":false},"version":2}},"categories":[4],"tags":[],"class_list":["post-29830","post","type-post","status-publish","format-standard","has-post-thumbnail","hentry","category-nacionales"],"jetpack_publicize_connections":[],"_links":{"self":[{"href":"https:\/\/diariorepublica.com.ar\/web\/index.php\/wp-json\/wp\/v2\/posts\/29830"}],"collection":[{"href":"https:\/\/diariorepublica.com.ar\/web\/index.php\/wp-json\/wp\/v2\/posts"}],"about":[{"href":"https:\/\/diariorepublica.com.ar\/web\/index.php\/wp-json\/wp\/v2\/types\/post"}],"author":[{"embeddable":true,"href":"https:\/\/diariorepublica.com.ar\/web\/index.php\/wp-json\/wp\/v2\/users\/1"}],"replies":[{"embeddable":true,"href":"https:\/\/diariorepublica.com.ar\/web\/index.php\/wp-json\/wp\/v2\/comments?post=29830"}],"version-history":[{"count":1,"href":"https:\/\/diariorepublica.com.ar\/web\/index.php\/wp-json\/wp\/v2\/posts\/29830\/revisions"}],"predecessor-version":[{"id":29832,"href":"https:\/\/diariorepublica.com.ar\/web\/index.php\/wp-json\/wp\/v2\/posts\/29830\/revisions\/29832"}],"wp:featuredmedia":[{"embeddable":true,"href":"https:\/\/diariorepublica.com.ar\/web\/index.php\/wp-json\/wp\/v2\/media\/29831"}],"wp:attachment":[{"href":"https:\/\/diariorepublica.com.ar\/web\/index.php\/wp-json\/wp\/v2\/media?parent=29830"}],"wp:term":[{"taxonomy":"category","embeddable":true,"href":"https:\/\/diariorepublica.com.ar\/web\/index.php\/wp-json\/wp\/v2\/categories?post=29830"},{"taxonomy":"post_tag","embeddable":true,"href":"https:\/\/diariorepublica.com.ar\/web\/index.php\/wp-json\/wp\/v2\/tags?post=29830"}],"curies":[{"name":"wp","href":"https:\/\/api.w.org\/{rel}","templated":true}]}}