{"id":29836,"date":"2026-03-10T15:50:00","date_gmt":"2026-03-10T18:50:00","guid":{"rendered":"https:\/\/diariorepublica.com.ar\/web\/?p=29836"},"modified":"2026-03-10T13:05:18","modified_gmt":"2026-03-10T16:05:18","slug":"todos-los-partidos-de-hoy-de-fecha-10-del-torneo-apertura-2026","status":"publish","type":"post","link":"https:\/\/diariorepublica.com.ar\/web\/index.php\/deportes\/2026\/03\/10\/todos-los-partidos-de-hoy-de-fecha-10-del-torneo-apertura-2026\/","title":{"rendered":"Todos los partidos de hoy de fecha 10 del Torneo Apertura 2026."},"content":{"rendered":"<p><b>Sarmiento recibir\u00e1 a Racing<\/b><\/p>\n<p>En el estadio Eva Per\u00f3n,\u00a0<b>Sarmiento recibir\u00e1 a Racing el martes a las 22, por la fecha 10 del Torneo Apertura 2026.<\/b>\u00a0El Verde volvi\u00f3 al triunfo tras tres derrotas consecutivas y se ilusiona con quedarse en Primera, mientras que la Academia viene de golear a Atl\u00e9tico Tucum\u00e1n y se meti\u00f3 en puestos de playoffs<\/p>\n<p>Luego de tres derrotas seguidas,\u00a0<b>Sarmiento volvi\u00f3 al triunfo y tom\u00f3 un poco de aire.<\/b>\u00a0En condici\u00f3n de local,\u00a0<b>el Verde\u00a0derrot\u00f3 1-0 a Estudiantes de R\u00edo Cuarto<\/b>\u00a0con gol de Junior Marabel y alcanz\u00f3 los 9 puntos, producto de tres victorias y cinco empates. Buscar\u00e1 aprovechar la local\u00eda ante la Academia, ya que los tres encuentros ganados hasta el momento fueron en el Eva Per\u00f3n. En la semana se\u00a0<b>cerr\u00f3 la llegada de Nicol\u00e1s Pasquini<\/b>, lateral izquierdo de 35 a\u00f1os, que lleg\u00f3 libre tras su paso en Sporting Cristal (PER).<\/p>\n<p><b>Racing<\/b>, que hace cinco partidos no conoce la derrota,\u00a0<b>lleg\u00f3 a 11 unidades luego de la\u00a0gran goleada a Atl\u00e9tico en Tucum\u00e1n<\/b>, con tantos de Duv\u00e1n Vergara (2) y de Santiago Solari. En dicho encuentro debut\u00f3\u00a0Tom\u00e1s P\u00e9rez, de 17 a\u00f1os, y en la semana firm\u00f3 su primer contrato profesional. Por otro lado, el capit\u00e1n Santiago Sosa est\u00e1 en conflicto la dirigencia ya que pretende una mejora salarial.<\/p>\n<ul>\n<li>Hora: 22<\/li>\n<li>TV: ESPN Premium<\/li>\n<li>\u00c1rbitro:\u00a0Nazareno Arasa<\/li>\n<li>VAR:\u00a0Salom\u00e9 Di Iorio<\/li>\n<li>Estadio: Eva Per\u00f3n<\/li>\n<\/ul>\n<p><b>Newell\u2019s vs Platense<\/b><\/p>\n<p><b>Newell\u2019s y Platense se enfrentar\u00e1n este martes, desde las 22:00, en el Coloso Marcelo Bielsa.<\/b>\u00a0La Lepra viene de perder el cl\u00e1sico con Central de local y marcha \u00faltimo en la tabla general, y necesita ganar urgentemente para salir de la zona de descenso<\/p>\n<p>La Lepra se encuentra en uno de los peores momentos de su historia. La derrota por 2-0 frente a Rosario Central solamente agrav\u00f3 la situaci\u00f3n del club, que todav\u00eda no gan\u00f3 en lo que va del a\u00f1o y se encuentra \u00faltimo en la tabla anual con 2 puntos, por lo que en este momento estar\u00eda descendiendo a la Primera Nacional. A su vez, est\u00e1 26\u00b0 en los promedios a 5 puntos de Sarmiento, que marcha 28\u00b0 pero es el \u00faltimo que divide por tres temporadas. Debajo suyo est\u00e1n Aldosivi y Estudiantes (RC).<\/p>\n<p>En este contexto Frank Dar\u00edo Kudelka, quien asumi\u00f3 en la previa del cl\u00e1sico, sabe que necesita sumar de a tres en este partido para cambiar la energ\u00eda del plantel pero tambi\u00e9n de los hinchas, que dif\u00edcilmente puedan digerir otra derrota en el Coloso.<\/p>\n<p>Por su parte, Platense vive una realidad completamente diferente, con la fase de grupos de la Copa Libertadores a un mes de comenzar. En lo que respecta al plano local, el equipo dirigido por Walter Zunino perdi\u00f3 un solo partido y se encuentra quinto con 13 puntos, y de ganar en Rosario subir\u00e1 moment\u00e1neamente al segundo lugar de la Zona A, a dos del l\u00edder V\u00e9lez.<\/p>\n<ul>\n<li>Hora: 22:00<\/li>\n<li>TV:\u00a0TNT Sports<\/li>\n<li>\u00c1rbitro:\u00a0Luis Lobo Medina<\/li>\n<li>VAR:\u00a0\u00c1lvaro Carranza<\/li>\n<li>Estadio: Marcelo Bielsa<\/li>\n<\/ul>\n<p><b>Independiente vs Uni\u00f3n<\/b><\/p>\n<p><b>Independiente y Uni\u00f3n\u00a0<\/b>se enfrentar\u00e1n este martes, desde las 19.45 en el Estadio Libertadores de Am\u00e9rica &#8211; Ricardo Enrique Bochini, por la fecha 10 del Torneo Apertura 2026. El Rojo y el Tatengue, cuarto y tercero de la Zona A respectivamente, chocan en Avellaneda en lo que promete ser un partidazo<\/p>\n<p>Luego de una derrota y un empate en Mendoza ante Independiente Rivadavia y Gimnasia respectivamente,\u00a0<b>Independiente se reencontr\u00f3 con el triunfo<\/b>. El Rojo venci\u00f3 2-0 a Central C\u00f3rdoba sobre el cierre del partido con goles de Gabriel \u00c1valos (se queda tras el inter\u00e9s de Fluminense) e Iv\u00e1n Marcone y,\u00a0<b>al inicio de la fecha, est\u00e1 4\u00b0 en la zona con 13 puntos<\/b>.\u00a0<b>Sebasti\u00e1n Vald\u00e9z\u00a0<\/b>cumpli\u00f3 la fecha de suspensi\u00f3n y volver\u00eda al once, mientras que\u00a0<b>Santiago Montiel\u00a0<\/b>sum\u00f3 minutos ante el Ferroviario y regresar\u00eda a la titularidad. Por otro lado,\u00a0<b>Walter Mazzantti, sin goles ni asistencias en 19 partidos en el club, se fue a pr\u00e9stamo a Newell\u00b4s.<\/b><\/p>\n<p><b>Uni\u00f3n<\/b>, que ir\u00e1 en busca de tres puntos de oro en Avellaneda, es otro de los animadores de la zona.\u00a0<b>El Tatengue viene de superar 2-1 a Instituto y acumula tres victorias al hilo que lo posicionan 3\u00b0 con 14 unidades,<\/b>\u00a01 m\u00e1s que el Rojo. El equipo de Leonardo Madel\u00f3n est\u00e1 atravesando un gran momento y se ilusiona con clasificarse a los playoffs.<\/p>\n<div class=\"gallery\">\n<div class=\"main-slide\">\n<div id=\"slide1\" class=\"slide show\">\n<div id=\"video-cb-1851100\" class=\"videoPlayer cb-async\" data-contentid=\"1851100\" data-islive=\"false\" data-imaads=\"true\" data-src-video=\"https:\/\/genoa-player-api.vodgc.net\/content\/manifest\/1851100?default_quality=480P&amp;pid=11\" data-poster=\"https:\/\/media.tycsports.com\/files\/2026\/02\/28\/927920\/el-compacto-de-independiente-vs-central-cordoba-lpf_416x234.webp\" data-videotitle=\"El compacto de Independiente vs. Central C\u00f3rdoba (LPF)\" data-related-videos=\"{&quot;related&quot;:[{&quot;title&quot;:&quot;El canto de los hinchas de San Lorenzo en la presentaci\u00f3n de su nueva camiset...&quot;,&quot;image&quot;:&quot;https:\/\/media.tycsports.com\/files\/2026\/03\/09\/930380\/el-canto-de-los-hinchas-de-san-lorenzo-en-la-presentacion-de-su-nueva-camiseta-contra-boca-cueste-lo-que-cueste-contra-boca-tenemos-que-ganar_267x150.webp&quot;,&quot;href&quot;:&quot;https:\/\/www.tycsports.com\/video\/san-lorenzo\/el-canto-de-los-hinchas-de-san-lorenzo-en-la-presentacion-de-su-nueva-camiseta-contra-boca-cueste-lo-que-cueste-id930380.html&quot;},{&quot;title&quot;:&quot;San Lorenzo revel\u00f3 su nueva indumentaria con la camiseta m\u00e1s grande del mundo&quot;,&quot;image&quot;:&quot;https:\/\/media.tycsports.com\/files\/2026\/03\/09\/930376\/san-lorenzo-revelo-su-nueva-indumentaria-con-la-camiseta-mas-grande-del-mundo_267x150.webp&quot;,&quot;href&quot;:&quot;https:\/\/www.tycsports.com\/video\/san-lorenzo\/san-lorenzo-revelo-su-nueva-indumentaria-con-la-camiseta-mas-grande-del-mundo-id930376.html&quot;},{&quot;title&quot;:&quot;El posteo sugerente de Argentinos Juniors sobre Alan Lescano&quot;,&quot;image&quot;:&quot;https:\/\/media.tycsports.com\/files\/2026\/03\/07\/929862\/el-posteo-sugerente-de-argentinos-juniors-sobre-alan-lescano_267x150.webp&quot;,&quot;href&quot;:&quot;https:\/\/www.tycsports.com\/video\/boca-juniors\/el-posteo-sugerente-de-argentinos-juniors-sobre-alan-lescano-id929862.html&quot;},{&quot;title&quot;:&quot;Newell's negocia con Independiente por Mazzantti&quot;,&quot;image&quot;:&quot;https:\/\/media.tycsports.com\/files\/2026\/03\/06\/929504\/newells-negocia-con-independiente-por-mazzantti_267x150.webp&quot;,&quot;href&quot;:&quot;https:\/\/www.tycsports.com\/video\/independiente\/newells-negocia-con-independiente-por-mazzantti-id929504.html&quot;},{&quot;title&quot;:&quot;Las hinchadas de Lan\u00fas y Boca llegan a La Fortaleza&quot;,&quot;image&quot;:&quot;https:\/\/media.tycsports.com\/files\/2026\/03\/04\/928989\/las-hinchadas-de-lanus-y-boca-llegan-a-la-fortaleza_267x150.webp&quot;,&quot;href&quot;:&quot;https:\/\/www.tycsports.com\/video\/boca-juniors\/las-hinchadas-de-lanus-y-boca-llegan-a-la-fortaleza-id928989.html&quot;}]}\">\n<ul>\n<li>Hora: 19.45<\/li>\n<li>TV: TNT Sports Premium<\/li>\n<li>\u00c1rbitro:\u00a0Andr\u00e9s Merlos<\/li>\n<li>VAR:\u00a0Fabrizio Llobet<\/li>\n<li>Estadio: Libertadores de Am\u00e9rica &#8211; Ricardo Enrique Bochini<\/li>\n<\/ul>\n<p><b>Tigre vs V\u00e9lez<\/b><\/p>\n<p><b>Tigre y V\u00e9lez se enfrentar\u00e1n este martes, desde las 19:45, en el Estadio Jos\u00e9 Dellagiovanna por la d\u00e9cima fecha del Torneo Apertura 2026.<\/b>\u00a0El Matador llega como escolta en la Zona B y el Fort\u00edn puntero de la Zona A, por lo que ambos buscar\u00e1n seguir en lo m\u00e1s alto en un duelo que promete mucho<\/p>\n<p><b>El Matador\u00a0<\/b>tuvo un baj\u00f3n en los \u00faltimos dos partidos en los que sum\u00f3 un punto, producto de perder 2-1 contra Barracas Central como visitante e igualar 2-2 ante Gimnasia en Victoria. Sin embargo, el equipo de Diego Dabove se mantiene\u00a0<b>segundo en la Zona B con 15 puntos<\/b>, dos menos que el l\u00edder Independiente Rivadavia, y de vencer a V\u00e9lez este martes quedar\u00e1, moment\u00e1neamente, como \u00fanico puntero.<\/p>\n<p><b>El Fort\u00edn vive un presente a\u00fan mejor que el de Tigre ya que se ubica en lo m\u00e1s alto de la Zona A con 18 puntos y es uno de los dos equipos que sigue invicto en el Apertura<\/b>\u00a0junto a Defensa y Justicia. La fecha pasada se llev\u00f3 un triunfazo de La Plata venciendo 1-0 a Estudiantes que lo afirm\u00f3 como uno de los candidatos.<\/p>\n<p>Si los dirigidos por Guillermo Barros Schelotto logran ganar en el Jos\u00e9 Dellagiovanna se mantendr\u00e1n punteros y le sacar\u00e1n seis puntos de ventaja al Pincha y siete a Uni\u00f3n, sus principales perseguidores.<\/p>\n<ul>\n<li>Hora: 19:45<\/li>\n<li>TV:\u00a0ESPN Premium<\/li>\n<li>\u00c1rbitro:\u00a0Leandro Rey Hilfer<\/li>\n<li>VAR:\u00a0Adri\u00e1n Franklin<\/li>\n<li>Estadio: Jos\u00e9 Dellagiovanna<\/li>\n<\/ul>\n<\/div>\n<\/div>\n<\/div>\n<\/div>\n","protected":false},"excerpt":{"rendered":"<p>Sarmiento recibir\u00e1 a Racing En el estadio Eva Per\u00f3n,\u00a0Sarmiento recibir\u00e1 a Racing el martes a las 22, por la fecha<\/p>\n","protected":false},"author":1,"featured_media":29837,"comment_status":"closed","ping_status":"closed","sticky":false,"template":"","format":"standard","meta":{"footnotes":"","jetpack_publicize_message":"","jetpack_publicize_feature_enabled":true,"jetpack_social_post_already_shared":true,"jetpack_social_options":{"image_generator_settings":{"template":"highway","enabled":false},"version":2}},"categories":[9],"tags":[],"class_list":["post-29836","post","type-post","status-publish","format-standard","has-post-thumbnail","hentry","category-deportes"],"jetpack_publicize_connections":[],"_links":{"self":[{"href":"https:\/\/diariorepublica.com.ar\/web\/index.php\/wp-json\/wp\/v2\/posts\/29836"}],"collection":[{"href":"https:\/\/diariorepublica.com.ar\/web\/index.php\/wp-json\/wp\/v2\/posts"}],"about":[{"href":"https:\/\/diariorepublica.com.ar\/web\/index.php\/wp-json\/wp\/v2\/types\/post"}],"author":[{"embeddable":true,"href":"https:\/\/diariorepublica.com.ar\/web\/index.php\/wp-json\/wp\/v2\/users\/1"}],"replies":[{"embeddable":true,"href":"https:\/\/diariorepublica.com.ar\/web\/index.php\/wp-json\/wp\/v2\/comments?post=29836"}],"version-history":[{"count":1,"href":"https:\/\/diariorepublica.com.ar\/web\/index.php\/wp-json\/wp\/v2\/posts\/29836\/revisions"}],"predecessor-version":[{"id":29838,"href":"https:\/\/diariorepublica.com.ar\/web\/index.php\/wp-json\/wp\/v2\/posts\/29836\/revisions\/29838"}],"wp:featuredmedia":[{"embeddable":true,"href":"https:\/\/diariorepublica.com.ar\/web\/index.php\/wp-json\/wp\/v2\/media\/29837"}],"wp:attachment":[{"href":"https:\/\/diariorepublica.com.ar\/web\/index.php\/wp-json\/wp\/v2\/media?parent=29836"}],"wp:term":[{"taxonomy":"category","embeddable":true,"href":"https:\/\/diariorepublica.com.ar\/web\/index.php\/wp-json\/wp\/v2\/categories?post=29836"},{"taxonomy":"post_tag","embeddable":true,"href":"https:\/\/diariorepublica.com.ar\/web\/index.php\/wp-json\/wp\/v2\/tags?post=29836"}],"curies":[{"name":"wp","href":"https:\/\/api.w.org\/{rel}","templated":true}]}}