{"id":29839,"date":"2026-03-10T10:59:00","date_gmt":"2026-03-10T13:59:00","guid":{"rendered":"https:\/\/diariorepublica.com.ar\/web\/?p=29839"},"modified":"2026-03-10T17:02:37","modified_gmt":"2026-03-10T20:02:37","slug":"argentina-week-encuentro-entre-la-mesa-del-litio-del-noa-y-rio-tinto","status":"publish","type":"post","link":"https:\/\/diariorepublica.com.ar\/web\/index.php\/nacionales\/2026\/03\/10\/argentina-week-encuentro-entre-la-mesa-del-litio-del-noa-y-rio-tinto\/","title":{"rendered":"Argentina Week: Encuentro entre la Mesa del Litio del NOA y Rio Tinto"},"content":{"rendered":"<p>Los gobernadores de Salta, Catamarca y Jujuy, integrantes de la Mesa del Litio del NOA, mantuvieron una reuni\u00f3n de trabajo con Barbara Fochtman (Managing director, Rio Tinto Lithium) e Ignacio Costa (General Manager Argentina).<\/p>\n<p>En el encuentro, las partes repasaron el estado de los proyectos en marcha, y los pr\u00f3ximos hitos y oportunidades de inversi\u00f3n con el objetivo de profundizar la articulaci\u00f3n p\u00fablico-privada y consolidar una cadena de valor del litio competitiva y sostenible para la transici\u00f3n energ\u00e9tica.<\/p>\n<p>En la conversaci\u00f3n, la compa\u00f1\u00eda reiter\u00f3 que la Argentina es central para su estrategia global de litio, con planes de expansi\u00f3n significativa en los pr\u00f3ximos a\u00f1os. Las autoridades provinciales y la compa\u00f1\u00eda coincidieron en asegurar mecanismos \u00e1giles de seguimiento por jurisdicci\u00f3n y promover empleo calificado, en l\u00ednea con los m\u00e1s altos est\u00e1ndares ambientales, sociales y de gobernanza.<\/p>\n<p>En el marco de esta agenda, Rio Tinto anunci\u00f3 la realizaci\u00f3n del primer env\u00edo comercial de carbonato de litio producido por su proyecto Rinc\u00f3n, en Salta. Este hito marca el inicio formal de las exportaciones desde ese sitio operativo y refuerza la posici\u00f3n de la Argentina como hub estrat\u00e9gico del portafolio de litio de la compa\u00f1\u00eda en Sudam\u00e9rica. Con este avance, Rio Tinto se convierte en la \u00fanica productora de carbonato de litio del pa\u00eds con exportaci\u00f3n activa en las tres provincias del NOA \u2014Catamarca, Jujuy y ahora Salta\u2014, consolidando un liderazgo distintivo en el sector y contribuyendo a un nuevo cap\u00edtulo para la miner\u00eda argentina y su inserci\u00f3n en la transici\u00f3n energ\u00e9tica global.<\/p>\n<p>La compa\u00f1\u00eda cuenta con una trayectoria de d\u00e9cadas en el pa\u00eds, con operaciones en F\u00e9nix (Catamarca) desde hace casi treinta a\u00f1os y en Olaroz (Jujuy) desde 2014. En Catamarca, el proyecto Sal de Vida prev\u00e9 su primera producci\u00f3n en el segundo semestre de 2026 (15 ktpa LCE). En Salta, Rinc\u00f3n proyecta 60 ktpa de carbonato de litio grado bater\u00eda, con inicio en 2028. Con esta plataforma, la compa\u00f1\u00eda reafirma su compromiso de largo plazo con la Argentina y su posicionamiento como socio confiable para el desarrollo del litio a nivel nacional.<\/p>\n","protected":false},"excerpt":{"rendered":"<p>Los gobernadores de Salta, Catamarca y Jujuy, integrantes de la Mesa del Litio del NOA, mantuvieron una reuni\u00f3n de trabajo<\/p>\n","protected":false},"author":1,"featured_media":29840,"comment_status":"closed","ping_status":"closed","sticky":false,"template":"","format":"standard","meta":{"footnotes":"","jetpack_publicize_message":"","jetpack_publicize_feature_enabled":true,"jetpack_social_post_already_shared":true,"jetpack_social_options":{"image_generator_settings":{"template":"highway","enabled":false},"version":2}},"categories":[4],"tags":[],"class_list":["post-29839","post","type-post","status-publish","format-standard","has-post-thumbnail","hentry","category-nacionales"],"jetpack_publicize_connections":[],"_links":{"self":[{"href":"https:\/\/diariorepublica.com.ar\/web\/index.php\/wp-json\/wp\/v2\/posts\/29839"}],"collection":[{"href":"https:\/\/diariorepublica.com.ar\/web\/index.php\/wp-json\/wp\/v2\/posts"}],"about":[{"href":"https:\/\/diariorepublica.com.ar\/web\/index.php\/wp-json\/wp\/v2\/types\/post"}],"author":[{"embeddable":true,"href":"https:\/\/diariorepublica.com.ar\/web\/index.php\/wp-json\/wp\/v2\/users\/1"}],"replies":[{"embeddable":true,"href":"https:\/\/diariorepublica.com.ar\/web\/index.php\/wp-json\/wp\/v2\/comments?post=29839"}],"version-history":[{"count":1,"href":"https:\/\/diariorepublica.com.ar\/web\/index.php\/wp-json\/wp\/v2\/posts\/29839\/revisions"}],"predecessor-version":[{"id":29841,"href":"https:\/\/diariorepublica.com.ar\/web\/index.php\/wp-json\/wp\/v2\/posts\/29839\/revisions\/29841"}],"wp:featuredmedia":[{"embeddable":true,"href":"https:\/\/diariorepublica.com.ar\/web\/index.php\/wp-json\/wp\/v2\/media\/29840"}],"wp:attachment":[{"href":"https:\/\/diariorepublica.com.ar\/web\/index.php\/wp-json\/wp\/v2\/media?parent=29839"}],"wp:term":[{"taxonomy":"category","embeddable":true,"href":"https:\/\/diariorepublica.com.ar\/web\/index.php\/wp-json\/wp\/v2\/categories?post=29839"},{"taxonomy":"post_tag","embeddable":true,"href":"https:\/\/diariorepublica.com.ar\/web\/index.php\/wp-json\/wp\/v2\/tags?post=29839"}],"curies":[{"name":"wp","href":"https:\/\/api.w.org\/{rel}","templated":true}]}}