{"id":29842,"date":"2026-03-10T17:04:02","date_gmt":"2026-03-10T20:04:02","guid":{"rendered":"https:\/\/diariorepublica.com.ar\/web\/?p=29842"},"modified":"2026-03-10T17:04:05","modified_gmt":"2026-03-10T20:04:05","slug":"vialidad-y-provincia-acuerdan-paritarias-con-ajuste-por-inflacion","status":"publish","type":"post","link":"https:\/\/diariorepublica.com.ar\/web\/index.php\/locales\/2026\/03\/10\/vialidad-y-provincia-acuerdan-paritarias-con-ajuste-por-inflacion\/","title":{"rendered":"Vialidad y Provincia acuerdan paritarias con ajuste por inflaci\u00f3n"},"content":{"rendered":"<p>El Gobierno de Catamarca alcanz\u00f3 un acuerdo con el Sindicato de Vialidad para actualizar las condiciones laborales del personal del sector y establecer un esquema de actualizaci\u00f3n salarial.<\/p>\n<p>El entendimiento fija un mecanismo de actualizaci\u00f3n bimestral de los ingresos, tomando como referencia la evoluci\u00f3n del \u00cdndice de Precios al Consumidor (IPC) que publica el INDEC, con el objetivo de que los salarios acompa\u00f1en la inflaci\u00f3n durante el a\u00f1o.<\/p>\n<p>Adem\u00e1s, como parte del acuerdo se estableci\u00f3 modificar la base de c\u00e1lculo del adicional por mayor horario a partir de abril de 2026, y tambi\u00e9n incrementar el porcentaje de c\u00e1lculo del adicional por antig\u00fcedad.<\/p>\n<p>Del encuentro participaron el vicegobernador Rub\u00e9n Dusso; el ministro de Gobierno, Seguridad y Justicia, Alberto Natella; la ministra de Trabajo, Planificaci\u00f3n y Recursos Humanos, Ver\u00f3nica Soria; el ministro de Hacienda y Obras P\u00fablicas, Juan Marchetti; y el secretario general del Sindicato de Vialidad Catamarca, Rolando Rivera.<\/p>\n<p>Desde el Ejecutivo se\u00f1alaron que el acuerdo forma parte de la pol\u00edtica de di\u00e1logo con los trabajadores, a trav\u00e9s de la cual ya se concretaron acuerdos con diferentes organizaciones como ATE, UPCN, ATSA, entre otros.<\/p>\n<p>Asimismo, destacaron el rol de los trabajadores viales de Catamarca, quienes en los \u00faltimos meses han llevado adelante una tarea sumamente importante en el mantenimiento y cuidado de las rutas de nuestra provincia.<\/p>\n<p>As\u00ed ser\u00e1 la actualizaci\u00f3n bimestral de los trabajadores viales:<\/p>\n<p>-Marzo\/26 se actualizar\u00e1 con el producto de los \u00edndices IPC correspondientes a los meses de enero y febrero de 2026.<\/p>\n<p>-Mayo\/26 se actualizar\u00e1 con el producto de los \u00edndices IPC correspondientes a los meses de marzo y abril de 2026.<\/p>\n<p>-Julio\/26 se actualizar\u00e1 con el producto de los \u00edndices IPC correspondientes a los meses de mayo y junio de 2026.<\/p>\n<p>-Septiembre\/26 se actualizar\u00e1 con el producto de los \u00edndices IPC correspondientes a los meses de Julio y agosto de 2026.<\/p>\n<p>-Noviembre\/26 se actualizar\u00e1 con el producto de los \u00edndices IPC correspondientes a los meses de septiembre y octubre de 2026.<\/p>\n<p>-Enero\/27 se actualizar\u00e1 con el producto de los \u00edndices IPC correspondientes a los meses de noviembre y diciembre de 2026.<\/p>\n","protected":false},"excerpt":{"rendered":"<p>El Gobierno de Catamarca alcanz\u00f3 un acuerdo con el Sindicato de Vialidad para actualizar las condiciones laborales del personal del<\/p>\n","protected":false},"author":1,"featured_media":29843,"comment_status":"closed","ping_status":"closed","sticky":false,"template":"","format":"standard","meta":{"footnotes":"","jetpack_publicize_message":"","jetpack_publicize_feature_enabled":true,"jetpack_social_post_already_shared":true,"jetpack_social_options":{"image_generator_settings":{"template":"highway","enabled":false},"version":2}},"categories":[2],"tags":[],"class_list":["post-29842","post","type-post","status-publish","format-standard","has-post-thumbnail","hentry","category-locales"],"jetpack_publicize_connections":[],"_links":{"self":[{"href":"https:\/\/diariorepublica.com.ar\/web\/index.php\/wp-json\/wp\/v2\/posts\/29842"}],"collection":[{"href":"https:\/\/diariorepublica.com.ar\/web\/index.php\/wp-json\/wp\/v2\/posts"}],"about":[{"href":"https:\/\/diariorepublica.com.ar\/web\/index.php\/wp-json\/wp\/v2\/types\/post"}],"author":[{"embeddable":true,"href":"https:\/\/diariorepublica.com.ar\/web\/index.php\/wp-json\/wp\/v2\/users\/1"}],"replies":[{"embeddable":true,"href":"https:\/\/diariorepublica.com.ar\/web\/index.php\/wp-json\/wp\/v2\/comments?post=29842"}],"version-history":[{"count":1,"href":"https:\/\/diariorepublica.com.ar\/web\/index.php\/wp-json\/wp\/v2\/posts\/29842\/revisions"}],"predecessor-version":[{"id":29844,"href":"https:\/\/diariorepublica.com.ar\/web\/index.php\/wp-json\/wp\/v2\/posts\/29842\/revisions\/29844"}],"wp:featuredmedia":[{"embeddable":true,"href":"https:\/\/diariorepublica.com.ar\/web\/index.php\/wp-json\/wp\/v2\/media\/29843"}],"wp:attachment":[{"href":"https:\/\/diariorepublica.com.ar\/web\/index.php\/wp-json\/wp\/v2\/media?parent=29842"}],"wp:term":[{"taxonomy":"category","embeddable":true,"href":"https:\/\/diariorepublica.com.ar\/web\/index.php\/wp-json\/wp\/v2\/categories?post=29842"},{"taxonomy":"post_tag","embeddable":true,"href":"https:\/\/diariorepublica.com.ar\/web\/index.php\/wp-json\/wp\/v2\/tags?post=29842"}],"curies":[{"name":"wp","href":"https:\/\/api.w.org\/{rel}","templated":true}]}}