{"id":29845,"date":"2026-03-10T13:10:00","date_gmt":"2026-03-10T16:10:00","guid":{"rendered":"https:\/\/diariorepublica.com.ar\/web\/?p=29845"},"modified":"2026-03-10T17:13:52","modified_gmt":"2026-03-10T20:13:52","slug":"causa-cuadernos-cristina-kirchner-sera-indagada-de-manera-presencial-el-proximo-martes","status":"publish","type":"post","link":"https:\/\/diariorepublica.com.ar\/web\/index.php\/nacionales\/2026\/03\/10\/causa-cuadernos-cristina-kirchner-sera-indagada-de-manera-presencial-el-proximo-martes\/","title":{"rendered":"Causa Cuadernos: Cristina Kirchner ser\u00e1 indagada de manera presencial el pr\u00f3ximo martes"},"content":{"rendered":"<article class=\"article-body first\">\n<div class=\"article-content\">\n<div class=\"news-body-paragraph\" data-twitter-link=\"\">\n<p data-start=\"310\" data-end=\"688\">El\u00a0<strong>juicio oral por la denominada\u00a0Causa Cuadernos\u00a0<\/strong>dio un paso decisivo este martes luego de que el Tribunal Oral Federal N.\u00ba\u00a0<strong>7 rechazara los pedidos de nulidad presentados por varias defensas<\/strong>.<\/p>\n<\/div>\n<\/div>\n<\/article>\n<article class=\"article-body\">\n<div class=\"article-content\">\n<div class=\"news-body-paragraph\" data-twitter-link=\"\">\n<p data-start=\"310\" data-end=\"688\">Con esta resoluci\u00f3n, el proceso continuar\u00e1\u00a0<strong>y la expresidenta Cristina Fern\u00e1ndez de Kirchner deber\u00e1 declarar de manera presencial la pr\u00f3xima semana.<\/strong><\/p>\n<\/div>\n<\/div>\n<\/article>\n<article class=\"article-body par-3\">\n<div class=\"article-content\">\n<div class=\"news-body-paragraph\" data-twitter-link=\"\">\n<p data-start=\"690\" data-end=\"1052\">La decisi\u00f3n fue tomada de forma un\u00e1nime por los jueces Enrique M\u00e9ndez Signori, Fernando Canero y Germ\u00e1n Castelli, quienes desestimaron los cuestionamientos presentados durante las audiencias preliminares. De esta manera, el tribunal habilit\u00f3 el inicio de la etapa de indagatorias dentro del debate oral.<\/p>\n<article class=\"article-body par-4\">\n<div class=\"article-content\">\n<div class=\"news-body-paragraph\" data-twitter-link=\"\">\n<p data-start=\"1054\" data-end=\"1249\">Seg\u00fan el cronograma fijado, la exmandataria ser\u00e1 la primera imputada en declarar ante el tribunal, en una audiencia prevista para el martes 17 de marzo en los tribunales federales de Comodoro Py.<\/p>\n<\/div>\n<\/div>\n<\/article>\n<article class=\"article-body par-5\">\n<div class=\"article-content\">\n<div class=\"news-body-paragraph\" data-twitter-link=\"\">\n<p data-start=\"1285\" data-end=\"1658\">Uno de los principales ejes del debate previo estuvo vinculado a la validez de las pruebas que dieron origen a la investigaci\u00f3n. La defensa de la exjefa de Estado, encabezada por el abogado Carlos Beraldi, sostuvo que los cuadernos que impulsaron la causa habr\u00edan sido manipulados y que, por ese motivo, no deber\u00edan ser considerados evidencia v\u00e1lida.<\/p>\n<p data-start=\"1660\" data-end=\"1909\">El letrado tambi\u00e9n cuestion\u00f3 el uso de la figura del imputado colaborador. Seg\u00fan plante\u00f3,<strong>\u00a0las declaraciones de quienes se acogieron al r\u00e9gimen de arrepentidos habr\u00edan sido obtenidas bajo presi\u00f3n, por lo que, a su entender, carecer\u00edan de legitimidad.<\/strong><\/p>\n<p data-start=\"1911\" data-end=\"2128\">Entre quienes acompa\u00f1aron esas objeciones se encuentra el exministro de Planificaci\u00f3n Julio De Vido, cuya defensa tambi\u00e9n se\u00f1al\u00f3 inconsistencias en los testimonios que lo vinculan con la causa.<\/p>\n<p data-start=\"2161\" data-end=\"2368\">Durante las audiencias, la fiscal Fabiana Le\u00f3n respondi\u00f3 a los cuestionamientos planteados por las defensas y sostuvo la validez de las pruebas recolectadas durante la investigaci\u00f3n.<\/p>\n<p data-start=\"2370\" data-end=\"2546\">Finalmente, el tribunal coincidi\u00f3 con la postura del Ministerio P\u00fablico y resolvi\u00f3 rechazar los pedidos de nulidad, lo que permiti\u00f3 avanzar hacia la siguiente fase del proceso.<\/p>\n<p data-start=\"2588\" data-end=\"2770\">El expediente analiza la presunta existencia de un sistema de recaudaci\u00f3n ilegal vinculado con contratos de obra p\u00fablica que, seg\u00fan la acusaci\u00f3n, habr\u00eda funcionado entre 2003 y 2015.<\/p>\n<p data-start=\"2772\" data-end=\"2979\">En total,\u00a0<strong data-start=\"2782\" data-end=\"2813\">86 personas est\u00e1n imputadas<\/strong>\u00a0en el juicio, entre ellas\u00a0<strong data-start=\"2840\" data-end=\"2861\">19 exfuncionarios<\/strong>\u00a0y numerosos empresarios ligados a los sectores de la construcci\u00f3n, la energ\u00eda, el transporte y los corredores viales.<\/p>\n<p data-start=\"2981\" data-end=\"3136\">Muchos de ellos enfrentan cargos por\u00a0<strong data-start=\"3018\" data-end=\"3036\">cohecho activo<\/strong>, acusados de haber pagado sobornos a funcionarios del entonces Ministerio de Planificaci\u00f3n Federal.<\/p>\n<p data-start=\"3138\" data-end=\"3328\" data-is-last-node=\"\" data-is-only-node=\"\">La resoluci\u00f3n del tribunal despeja, por ahora, los intentos de frenar el proceso y abre una etapa clave del juicio, que comenzar\u00e1 con las declaraciones de los imputados en los pr\u00f3ximos d\u00edas.<\/p>\n<\/div>\n<\/div>\n<\/article>\n<\/div>\n<\/div>\n<\/article>\n","protected":false},"excerpt":{"rendered":"<p>El\u00a0juicio oral por la denominada\u00a0Causa Cuadernos\u00a0dio un paso decisivo este martes luego de que el Tribunal Oral Federal N.\u00ba\u00a07 rechazara<\/p>\n","protected":false},"author":1,"featured_media":29846,"comment_status":"closed","ping_status":"closed","sticky":false,"template":"","format":"standard","meta":{"footnotes":"","jetpack_publicize_message":"","jetpack_publicize_feature_enabled":true,"jetpack_social_post_already_shared":true,"jetpack_social_options":{"image_generator_settings":{"template":"highway","enabled":false},"version":2}},"categories":[4],"tags":[],"class_list":["post-29845","post","type-post","status-publish","format-standard","has-post-thumbnail","hentry","category-nacionales"],"jetpack_publicize_connections":[],"_links":{"self":[{"href":"https:\/\/diariorepublica.com.ar\/web\/index.php\/wp-json\/wp\/v2\/posts\/29845"}],"collection":[{"href":"https:\/\/diariorepublica.com.ar\/web\/index.php\/wp-json\/wp\/v2\/posts"}],"about":[{"href":"https:\/\/diariorepublica.com.ar\/web\/index.php\/wp-json\/wp\/v2\/types\/post"}],"author":[{"embeddable":true,"href":"https:\/\/diariorepublica.com.ar\/web\/index.php\/wp-json\/wp\/v2\/users\/1"}],"replies":[{"embeddable":true,"href":"https:\/\/diariorepublica.com.ar\/web\/index.php\/wp-json\/wp\/v2\/comments?post=29845"}],"version-history":[{"count":1,"href":"https:\/\/diariorepublica.com.ar\/web\/index.php\/wp-json\/wp\/v2\/posts\/29845\/revisions"}],"predecessor-version":[{"id":29847,"href":"https:\/\/diariorepublica.com.ar\/web\/index.php\/wp-json\/wp\/v2\/posts\/29845\/revisions\/29847"}],"wp:featuredmedia":[{"embeddable":true,"href":"https:\/\/diariorepublica.com.ar\/web\/index.php\/wp-json\/wp\/v2\/media\/29846"}],"wp:attachment":[{"href":"https:\/\/diariorepublica.com.ar\/web\/index.php\/wp-json\/wp\/v2\/media?parent=29845"}],"wp:term":[{"taxonomy":"category","embeddable":true,"href":"https:\/\/diariorepublica.com.ar\/web\/index.php\/wp-json\/wp\/v2\/categories?post=29845"},{"taxonomy":"post_tag","embeddable":true,"href":"https:\/\/diariorepublica.com.ar\/web\/index.php\/wp-json\/wp\/v2\/tags?post=29845"}],"curies":[{"name":"wp","href":"https:\/\/api.w.org\/{rel}","templated":true}]}}