{"id":29851,"date":"2026-03-11T07:19:55","date_gmt":"2026-03-11T10:19:55","guid":{"rendered":"https:\/\/diariorepublica.com.ar\/web\/?p=29851"},"modified":"2026-03-11T07:19:57","modified_gmt":"2026-03-11T10:19:57","slug":"raul-participo-de-la-apertura-de-argentina-week-en-ee-uu-y-busca-atraer-inversiones-para-catamarca","status":"publish","type":"post","link":"https:\/\/diariorepublica.com.ar\/web\/index.php\/politica\/2026\/03\/11\/raul-participo-de-la-apertura-de-argentina-week-en-ee-uu-y-busca-atraer-inversiones-para-catamarca\/","title":{"rendered":"Ra\u00fal particip\u00f3 de la apertura de Argentina Week en EE.UU. y busca atraer inversiones para Catamarca"},"content":{"rendered":"<p>En el inicio de la misi\u00f3n oficial que desarrolla en Estados Unidos, el gobernador de Catamarca, Ra\u00fal Jalil, particip\u00f3 de la apertura de Argentina Week, un evento que re\u00fane a referentes del sector financiero y corporativo internacional con autoridades argentinas para promover oportunidades de inversi\u00f3n.<\/p>\n<p>La actividad comenz\u00f3 con una presentaci\u00f3n del CEO de JPMorgan Chase, Jamie Dimon, quien dio la bienvenida a los participantes e introdujo al presidente argentino, Javier Milei. En su discurso, el mandatario defendi\u00f3 la apertura comercial y el rumbo econ\u00f3mico basado en la libertad de mercado.<\/p>\n<p>El gobernador Ra\u00fal Jalil asisti\u00f3 al encuentro junto a otros 10 gobernadores y funcionarios nacionales, acompa\u00f1ando la presentaci\u00f3n presidencial y reforzando el mensaje de previsibilidad institucional que la provincia busca transmitir durante esta gira.<\/p>\n<p>La presencia de Catamarca en este \u00e1mbito apunta a posicionar su potencial productivo dentro de la agenda de crecimiento que el pa\u00eds busca proyectar hacia los mercados globales, especialmente ante empresarios y fondos de inversi\u00f3n de Estados Unidos.<\/p>\n<p><strong>Panel sobre miner\u00eda estrat\u00e9gica<\/strong><\/p>\n<p>En el marco del evento, el gobernador Jalil participar\u00e1 este jueves de un panel dedicado a la miner\u00eda estrat\u00e9gica y los minerales cr\u00edticos. All\u00ed expondr\u00e1 sobre el potencial de Catamarca y de la regi\u00f3n en recursos como el litio, cobre, oro y plata.<\/p>\n<p>El panel ser\u00e1 compartido con los gobernadores de San Juan, Salta, Jujuy y Santa Cruz, y contar\u00e1 con la moderaci\u00f3n de Paula Uribe, directora de Asuntos Externos de Rio Tinto.<\/p>\n<p>La actividad fue organizada por la embajada argentina en Washington con el apoyo de entidades financieras y empresariales, entre ellas Bank of America, Citibank y AmCham.<\/p>\n<p>Argentina Week fue impulsada por el embajador argentino en Estados Unidos, Alec Oxenford, junto al equipo econ\u00f3mico encabezado por el ministro de Econom\u00eda, Luis Caputo, con el objetivo de fortalecer los v\u00ednculos entre el pa\u00eds y el sector financiero internacional y ampliar las oportunidades de inversi\u00f3n.<\/p>\n","protected":false},"excerpt":{"rendered":"<p>En el inicio de la misi\u00f3n oficial que desarrolla en Estados Unidos, el gobernador de Catamarca, Ra\u00fal Jalil, particip\u00f3 de<\/p>\n","protected":false},"author":1,"featured_media":29853,"comment_status":"closed","ping_status":"closed","sticky":false,"template":"","format":"standard","meta":{"footnotes":"","jetpack_publicize_message":"","jetpack_publicize_feature_enabled":true,"jetpack_social_post_already_shared":true,"jetpack_social_options":{"image_generator_settings":{"template":"highway","enabled":false},"version":2}},"categories":[12],"tags":[],"class_list":["post-29851","post","type-post","status-publish","format-standard","has-post-thumbnail","hentry","category-politica"],"jetpack_publicize_connections":[],"_links":{"self":[{"href":"https:\/\/diariorepublica.com.ar\/web\/index.php\/wp-json\/wp\/v2\/posts\/29851"}],"collection":[{"href":"https:\/\/diariorepublica.com.ar\/web\/index.php\/wp-json\/wp\/v2\/posts"}],"about":[{"href":"https:\/\/diariorepublica.com.ar\/web\/index.php\/wp-json\/wp\/v2\/types\/post"}],"author":[{"embeddable":true,"href":"https:\/\/diariorepublica.com.ar\/web\/index.php\/wp-json\/wp\/v2\/users\/1"}],"replies":[{"embeddable":true,"href":"https:\/\/diariorepublica.com.ar\/web\/index.php\/wp-json\/wp\/v2\/comments?post=29851"}],"version-history":[{"count":1,"href":"https:\/\/diariorepublica.com.ar\/web\/index.php\/wp-json\/wp\/v2\/posts\/29851\/revisions"}],"predecessor-version":[{"id":29852,"href":"https:\/\/diariorepublica.com.ar\/web\/index.php\/wp-json\/wp\/v2\/posts\/29851\/revisions\/29852"}],"wp:featuredmedia":[{"embeddable":true,"href":"https:\/\/diariorepublica.com.ar\/web\/index.php\/wp-json\/wp\/v2\/media\/29853"}],"wp:attachment":[{"href":"https:\/\/diariorepublica.com.ar\/web\/index.php\/wp-json\/wp\/v2\/media?parent=29851"}],"wp:term":[{"taxonomy":"category","embeddable":true,"href":"https:\/\/diariorepublica.com.ar\/web\/index.php\/wp-json\/wp\/v2\/categories?post=29851"},{"taxonomy":"post_tag","embeddable":true,"href":"https:\/\/diariorepublica.com.ar\/web\/index.php\/wp-json\/wp\/v2\/tags?post=29851"}],"curies":[{"name":"wp","href":"https:\/\/api.w.org\/{rel}","templated":true}]}}